{"id":187,"date":"2019-06-26T09:25:29","date_gmt":"2019-06-26T07:25:29","guid":{"rendered":"http:\/\/oprotect.com\/blog\/?p=187"},"modified":"2019-07-16T16:38:01","modified_gmt":"2019-07-16T14:38:01","slug":"l-armement-des-agents-de-securite-en-europe","status":"publish","type":"post","link":"https:\/\/www.oprotect.com\/blog\/l-armement-des-agents-de-securite-en-europe\/","title":{"rendered":"L&#8217;armement des agents de s\u00e9curit\u00e9 en Europe"},"content":{"rendered":"<h4>Face \u00e0 la multiplication des risques et aux difficult\u00e9s financi\u00e8res des \u00c9tats, <a href=\"\/\/oprotect.com\/blog\/2018\/09\/03\/la-securite-privee-un-secteur-en-plein-essor\/\">la s\u00e9curit\u00e9 priv\u00e9e est en plein boom<\/a> en Europe. Si bien que les entreprises de s\u00e9curit\u00e9 ont de nouvelles pr\u00e9rogatives, comme l\u2019armement. Zoom sur cette tendance \u00e0 l\u2019\u00e9chelle europ\u00e9enne.<\/h4>\n<h3>L&#8217;armement des agents de s\u00e9curit\u00e9 est d\u00e9j\u00e0 possible dans la plupart des pays voisins de la France<\/h3>\n<p>La France vient de permettre <a href=\"\/\/oprotect.com\/blog\/2018\/08\/29\/agents-de-securi\u2026s-au-port-d-arme\/\">l\u2019armement de certains agents de s\u00e9curit\u00e9<\/a>. Si <a href=\"\/\/oprotect.com\/blog\/2018\/11\/21\/pour-ou-contre-l\u2026ents-de-securite\/\">cette mesure porte \u00e0 d\u00e9bat<\/a>, tous les pays frontaliers de la France ont d\u00e9j\u00e0 pass\u00e9 le pas depuis longtemps. L\u2019Espagne est un pr\u00e9curseur\u00a0: le port d\u2019arme est autoris\u00e9 pour certains agents de s\u00e9curit\u00e9 depuis 1993. Vient ensuite la Suisse depuis la loi f\u00e9d\u00e9rale du 20 juin 1997. Puis l\u2019Allemagne avec le Germany Federal Weapon Act le 11 octobre 2002. La Belgique et l\u2019Italie suivent respectivement par arr\u00eat\u00e9 royal en 2006 et par d\u00e9cret minist\u00e9riel en 2009. Chaque pays a fait \u00e9volu\u00e9 ses lois en fonction des \u00e9v\u00e8nements (terrorisme notamment) ou tout simplement pour am\u00e9liorer ces mesures. Dans tous les pays cit\u00e9s, les agents portent des armes seulement pendant des missions avec un risque exceptionnel d\u2019atteinte \u00e0 leur vie ou \u00e0 celle des personnes qu\u2019ils prot\u00e8gent.<\/p>\n<h3>Des r\u00e8glementations qui diff\u00e8rent<\/h3>\n<p>On note cependant des diff\u00e9rences majeures entre les pays. Seuls 1% et 8% des agents portent une arme en Belgique et en Allemagne. Quand 12,6% le sont en Suisse et 25% en Espagne. L\u2019Espagne est aussi le pays o\u00f9 la l\u00e9gislation est la plus permissive. Les agents de s\u00e9curit\u00e9 peuvent y utiliser les armes de type A, B et D, en reprenant les termes de la l\u00e9gislation fran\u00e7aise. En France et en Allemagne, l&#8217;\u00c9tat autorise les armes de type B (armes de poing\u00a0: pistolets et revolvers) et D (armes non l\u00e9tales). Enfin, en Italie et en Suisse, tous les types d\u2019armes \u00e0 feu sont autoris\u00e9es sauf les armes automatiques et les munitions explosives et \u00e0 noyau dur. Ces donn\u00e9es proviennent d\u2019une \u00e9tude comparative publi\u00e9e par le site \u00ab\u00a0Rendre notre monde plus s\u00fbr\u00a0\u00bb (\/\/rendre-notre-monde-plus-sur.goron.fr\/armement-agents-securite-europe\/).<\/p>\n<h3>Focus sur l&#8217;Espagne, pays le plus avanc\u00e9 en termes d&#8217;armement europ\u00e9en.<\/h3>\n<p>Revenons plus en d\u00e9tails sur l\u2019exemple de l\u2019Espagne, pays le plus avanc\u00e9 en Europe en termes d\u2019armement des agents priv\u00e9s. On compte quelques 120000 agents en Espagne, soit plus que le total de policiers et de gendarmes du pays\u00a0! C\u2019est dire le d\u00e9veloppement de la pratique. Parmi eux 30\u00a0000 sont arm\u00e9s, soit 6 fois plus qu\u2019en France. Mais l&#8217;\u00c9tat encadre fermement la pratique. Les agents s\u2019entra\u00eenent au tir et doivent valider un examen de tir chaque ann\u00e9e pour exercer. Surtout, cette dynamique d\u2019armement des agents de s\u00e9curit\u00e9 intervient dans un cadre de d\u00e9veloppement des liens entre s\u00e9curit\u00e9 public et s\u00e9curit\u00e9 priv\u00e9e.<\/p>\n<p>L\u2019id\u00e9e est que <a href=\"\/\/oprotect.com\/blog\/2018\/08\/16\/letat-doit-il-de\u2026ecurite-au-prive\/\">public et priv\u00e9 avancent main dans la main<\/a> pour assurer la s\u00e9curit\u00e9 des citoyens. Une unit\u00e9 de 500 policiers a pour mission de former et contr\u00f4ler les agents quant aux armes. De l\u2019autre c\u00f4t\u00e9, les agents font des missions sensibles comme la surveillance de centrales nucl\u00e9aires ou le gardiennage de prison. Les policiers et gendarmes, all\u00e9g\u00e9s de ces missions, peuvent ainsi se recentrer autour de leurs missions premi\u00e8res (enqu\u00eate, lutte anti-terrorisme, lutter anti-stup).<\/p>\n","protected":false},"excerpt":{"rendered":"<p>Face \u00e0 la multiplication des risques et aux difficult\u00e9s financi\u00e8res des \u00c9tats, la s\u00e9curit\u00e9 priv\u00e9e est en plein boom en Europe. Si bien que les entreprises de s\u00e9curit\u00e9 ont de nouvelles pr\u00e9rogatives, comme l\u2019armement. Zoom sur cette tendance \u00e0 l\u2019\u00e9chelle europ\u00e9enne. L&#8217;armement des agents de s\u00e9curit\u00e9 est d\u00e9j\u00e0 possible dans la plupart des pays voisins &hellip; <\/p>\n<p class=\"read-more\"><a class=\"btn btn-default\" href=\"https:\/\/www.oprotect.com\/blog\/l-armement-des-agents-de-securite-en-europe\/\"> Read More<span class=\"screen-reader-text\">  Read More<\/span><\/a><\/p>\n","protected":false},"author":1,"featured_media":0,"comment_status":"open","ping_status":"open","sticky":false,"template":"","format":"standard","meta":[],"categories":[7],"tags":[],"yoast_head":"<!-- This site is optimized with the Yoast SEO plugin v19.9 - https:\/\/yoast.com\/wordpress\/plugins\/seo\/ -->\n<title>L&#039;armement des agents de s\u00e9curit\u00e9 en Europe - Blog Oprotect<\/title>\n<meta name=\"description\" content=\"La France vient d&#039;autoriser le port d&#039;arme pour les agents de s\u00e9curit\u00e9. Un point sur l&#039;\u00e9tat de l&#039;armement des agents de s\u00e9curit\u00e9 \u00e0 l&#039;\u00e9chelle europ\u00e9enne.\" \/>\n<meta name=\"robots\" content=\"index, follow, max-snippet:-1, max-image-preview:large, max-video-preview:-1\" \/>\n<link rel=\"canonical\" href=\"https:\/\/www.oprotect.com\/blog\/l-armement-des-agents-de-securite-en-europe\/\" \/>\n<meta property=\"og:locale\" content=\"en_US\" \/>\n<meta property=\"og:type\" content=\"article\" \/>\n<meta property=\"og:title\" content=\"L&#039;armement des agents de s\u00e9curit\u00e9 en Europe - Blog Oprotect\" \/>\n<meta property=\"og:description\" content=\"La France vient d&#039;autoriser le port d&#039;arme pour les agents de s\u00e9curit\u00e9. Un point sur l&#039;\u00e9tat de l&#039;armement des agents de s\u00e9curit\u00e9 \u00e0 l&#039;\u00e9chelle europ\u00e9enne.\" \/>\n<meta property=\"og:url\" content=\"https:\/\/www.oprotect.com\/blog\/l-armement-des-agents-de-securite-en-europe\/\" \/>\n<meta property=\"og:site_name\" content=\"Le blog Oprotect en toute s\u00e9curit\u00e9\" \/>\n<meta property=\"article:published_time\" content=\"2019-06-26T07:25:29+00:00\" \/>\n<meta property=\"article:modified_time\" content=\"2019-07-16T14:38:01+00:00\" \/>\n<meta name=\"author\" content=\"Daniel Besson\" \/>\n<meta name=\"twitter:card\" content=\"summary_large_image\" \/>\n<meta name=\"twitter:label1\" content=\"Written by\" \/>\n\t<meta name=\"twitter:data1\" content=\"Daniel Besson\" \/>\n\t<meta name=\"twitter:label2\" content=\"Est. reading time\" \/>\n\t<meta name=\"twitter:data2\" content=\"3 minutes\" \/>\n<script type=\"application\/ld+json\" class=\"yoast-schema-graph\">{\"@context\":\"https:\/\/schema.org\",\"@graph\":[{\"@type\":\"Article\",\"@id\":\"https:\/\/www.oprotect.com\/blog\/l-armement-des-agents-de-securite-en-europe\/#article\",\"isPartOf\":{\"@id\":\"https:\/\/www.oprotect.com\/blog\/l-armement-des-agents-de-securite-en-europe\/\"},\"author\":{\"name\":\"Daniel Besson\",\"@id\":\"https:\/\/www.oprotect.com\/blog\/#\/schema\/person\/605be1ee18f13724a3c0cb579d95489f\"},\"headline\":\"L&#8217;armement des agents de s\u00e9curit\u00e9 en Europe\",\"datePublished\":\"2019-06-26T07:25:29+00:00\",\"dateModified\":\"2019-07-16T14:38:01+00:00\",\"mainEntityOfPage\":{\"@id\":\"https:\/\/www.oprotect.com\/blog\/l-armement-des-agents-de-securite-en-europe\/\"},\"wordCount\":588,\"commentCount\":0,\"publisher\":{\"@id\":\"https:\/\/www.oprotect.com\/blog\/#organization\"},\"articleSection\":[\"Uncategorised\"],\"inLanguage\":\"en-US\",\"potentialAction\":[{\"@type\":\"CommentAction\",\"name\":\"Comment\",\"target\":[\"https:\/\/www.oprotect.com\/blog\/l-armement-des-agents-de-securite-en-europe\/#respond\"]}]},{\"@type\":\"WebPage\",\"@id\":\"https:\/\/www.oprotect.com\/blog\/l-armement-des-agents-de-securite-en-europe\/\",\"url\":\"https:\/\/www.oprotect.com\/blog\/l-armement-des-agents-de-securite-en-europe\/\",\"name\":\"L'armement des agents de s\u00e9curit\u00e9 en Europe - Blog Oprotect\",\"isPartOf\":{\"@id\":\"https:\/\/www.oprotect.com\/blog\/#website\"},\"datePublished\":\"2019-06-26T07:25:29+00:00\",\"dateModified\":\"2019-07-16T14:38:01+00:00\",\"description\":\"La France vient d'autoriser le port d'arme pour les agents de s\u00e9curit\u00e9. Un point sur l'\u00e9tat de l'armement des agents de s\u00e9curit\u00e9 \u00e0 l'\u00e9chelle europ\u00e9enne.\",\"breadcrumb\":{\"@id\":\"https:\/\/www.oprotect.com\/blog\/l-armement-des-agents-de-securite-en-europe\/#breadcrumb\"},\"inLanguage\":\"en-US\",\"potentialAction\":[{\"@type\":\"ReadAction\",\"target\":[\"https:\/\/www.oprotect.com\/blog\/l-armement-des-agents-de-securite-en-europe\/\"]}]},{\"@type\":\"BreadcrumbList\",\"@id\":\"https:\/\/www.oprotect.com\/blog\/l-armement-des-agents-de-securite-en-europe\/#breadcrumb\",\"itemListElement\":[{\"@type\":\"ListItem\",\"position\":1,\"name\":\"Home\",\"item\":\"https:\/\/www.oprotect.com\/blog\/\"},{\"@type\":\"ListItem\",\"position\":2,\"name\":\"L&#8217;armement des agents de s\u00e9curit\u00e9 en Europe\"}]},{\"@type\":\"WebSite\",\"@id\":\"https:\/\/www.oprotect.com\/blog\/#website\",\"url\":\"https:\/\/www.oprotect.com\/blog\/\",\"name\":\"Le blog Oprotect en toute s\u00e9curit\u00e9\",\"description\":\"R\u00e9servez des agents de s\u00e9curit\u00e9 en quelques clics\",\"publisher\":{\"@id\":\"https:\/\/www.oprotect.com\/blog\/#organization\"},\"potentialAction\":[{\"@type\":\"SearchAction\",\"target\":{\"@type\":\"EntryPoint\",\"urlTemplate\":\"https:\/\/www.oprotect.com\/blog\/?s={search_term_string}\"},\"query-input\":\"required name=search_term_string\"}],\"inLanguage\":\"en-US\"},{\"@type\":\"Organization\",\"@id\":\"https:\/\/www.oprotect.com\/blog\/#organization\",\"name\":\"Le blog Oprotect en toute s\u00e9curit\u00e9\",\"url\":\"https:\/\/www.oprotect.com\/blog\/\",\"logo\":{\"@type\":\"ImageObject\",\"inLanguage\":\"en-US\",\"@id\":\"https:\/\/www.oprotect.com\/blog\/#\/schema\/logo\/image\/\",\"url\":\"https:\/\/www.oprotect.com\/blog\/wp-content\/uploads\/2022\/05\/logo_new.png\",\"contentUrl\":\"https:\/\/www.oprotect.com\/blog\/wp-content\/uploads\/2022\/05\/logo_new.png\",\"width\":216,\"height\":46,\"caption\":\"Le blog Oprotect en toute s\u00e9curit\u00e9\"},\"image\":{\"@id\":\"https:\/\/www.oprotect.com\/blog\/#\/schema\/logo\/image\/\"}},{\"@type\":\"Person\",\"@id\":\"https:\/\/www.oprotect.com\/blog\/#\/schema\/person\/605be1ee18f13724a3c0cb579d95489f\",\"name\":\"Daniel Besson\",\"url\":\"https:\/\/www.oprotect.com\/blog\/author\/uado19wp\/\"}]}<\/script>\n<!-- \/ Yoast SEO plugin. -->","yoast_head_json":{"title":"L'armement des agents de s\u00e9curit\u00e9 en Europe - Blog Oprotect","description":"La France vient d'autoriser le port d'arme pour les agents de s\u00e9curit\u00e9. Un point sur l'\u00e9tat de l'armement des agents de s\u00e9curit\u00e9 \u00e0 l'\u00e9chelle europ\u00e9enne.","robots":{"index":"index","follow":"follow","max-snippet":"max-snippet:-1","max-image-preview":"max-image-preview:large","max-video-preview":"max-video-preview:-1"},"canonical":"https:\/\/www.oprotect.com\/blog\/l-armement-des-agents-de-securite-en-europe\/","og_locale":"en_US","og_type":"article","og_title":"L'armement des agents de s\u00e9curit\u00e9 en Europe - Blog Oprotect","og_description":"La France vient d'autoriser le port d'arme pour les agents de s\u00e9curit\u00e9. Un point sur l'\u00e9tat de l'armement des agents de s\u00e9curit\u00e9 \u00e0 l'\u00e9chelle europ\u00e9enne.","og_url":"https:\/\/www.oprotect.com\/blog\/l-armement-des-agents-de-securite-en-europe\/","og_site_name":"Le blog Oprotect en toute s\u00e9curit\u00e9","article_published_time":"2019-06-26T07:25:29+00:00","article_modified_time":"2019-07-16T14:38:01+00:00","author":"Daniel Besson","twitter_card":"summary_large_image","twitter_misc":{"Written by":"Daniel Besson","Est. reading time":"3 minutes"},"schema":{"@context":"https:\/\/schema.org","@graph":[{"@type":"Article","@id":"https:\/\/www.oprotect.com\/blog\/l-armement-des-agents-de-securite-en-europe\/#article","isPartOf":{"@id":"https:\/\/www.oprotect.com\/blog\/l-armement-des-agents-de-securite-en-europe\/"},"author":{"name":"Daniel Besson","@id":"https:\/\/www.oprotect.com\/blog\/#\/schema\/person\/605be1ee18f13724a3c0cb579d95489f"},"headline":"L&#8217;armement des agents de s\u00e9curit\u00e9 en Europe","datePublished":"2019-06-26T07:25:29+00:00","dateModified":"2019-07-16T14:38:01+00:00","mainEntityOfPage":{"@id":"https:\/\/www.oprotect.com\/blog\/l-armement-des-agents-de-securite-en-europe\/"},"wordCount":588,"commentCount":0,"publisher":{"@id":"https:\/\/www.oprotect.com\/blog\/#organization"},"articleSection":["Uncategorised"],"inLanguage":"en-US","potentialAction":[{"@type":"CommentAction","name":"Comment","target":["https:\/\/www.oprotect.com\/blog\/l-armement-des-agents-de-securite-en-europe\/#respond"]}]},{"@type":"WebPage","@id":"https:\/\/www.oprotect.com\/blog\/l-armement-des-agents-de-securite-en-europe\/","url":"https:\/\/www.oprotect.com\/blog\/l-armement-des-agents-de-securite-en-europe\/","name":"L'armement des agents de s\u00e9curit\u00e9 en Europe - Blog Oprotect","isPartOf":{"@id":"https:\/\/www.oprotect.com\/blog\/#website"},"datePublished":"2019-06-26T07:25:29+00:00","dateModified":"2019-07-16T14:38:01+00:00","description":"La France vient d'autoriser le port d'arme pour les agents de s\u00e9curit\u00e9. Un point sur l'\u00e9tat de l'armement des agents de s\u00e9curit\u00e9 \u00e0 l'\u00e9chelle europ\u00e9enne.","breadcrumb":{"@id":"https:\/\/www.oprotect.com\/blog\/l-armement-des-agents-de-securite-en-europe\/#breadcrumb"},"inLanguage":"en-US","potentialAction":[{"@type":"ReadAction","target":["https:\/\/www.oprotect.com\/blog\/l-armement-des-agents-de-securite-en-europe\/"]}]},{"@type":"BreadcrumbList","@id":"https:\/\/www.oprotect.com\/blog\/l-armement-des-agents-de-securite-en-europe\/#breadcrumb","itemListElement":[{"@type":"ListItem","position":1,"name":"Home","item":"https:\/\/www.oprotect.com\/blog\/"},{"@type":"ListItem","position":2,"name":"L&#8217;armement des agents de s\u00e9curit\u00e9 en Europe"}]},{"@type":"WebSite","@id":"https:\/\/www.oprotect.com\/blog\/#website","url":"https:\/\/www.oprotect.com\/blog\/","name":"Le blog Oprotect en toute s\u00e9curit\u00e9","description":"R\u00e9servez des agents de s\u00e9curit\u00e9 en quelques clics","publisher":{"@id":"https:\/\/www.oprotect.com\/blog\/#organization"},"potentialAction":[{"@type":"SearchAction","target":{"@type":"EntryPoint","urlTemplate":"https:\/\/www.oprotect.com\/blog\/?s={search_term_string}"},"query-input":"required name=search_term_string"}],"inLanguage":"en-US"},{"@type":"Organization","@id":"https:\/\/www.oprotect.com\/blog\/#organization","name":"Le blog Oprotect en toute s\u00e9curit\u00e9","url":"https:\/\/www.oprotect.com\/blog\/","logo":{"@type":"ImageObject","inLanguage":"en-US","@id":"https:\/\/www.oprotect.com\/blog\/#\/schema\/logo\/image\/","url":"https:\/\/www.oprotect.com\/blog\/wp-content\/uploads\/2022\/05\/logo_new.png","contentUrl":"https:\/\/www.oprotect.com\/blog\/wp-content\/uploads\/2022\/05\/logo_new.png","width":216,"height":46,"caption":"Le blog Oprotect en toute s\u00e9curit\u00e9"},"image":{"@id":"https:\/\/www.oprotect.com\/blog\/#\/schema\/logo\/image\/"}},{"@type":"Person","@id":"https:\/\/www.oprotect.com\/blog\/#\/schema\/person\/605be1ee18f13724a3c0cb579d95489f","name":"Daniel Besson","url":"https:\/\/www.oprotect.com\/blog\/author\/uado19wp\/"}]}},"_links":{"self":[{"href":"https:\/\/www.oprotect.com\/blog\/wp-json\/wp\/v2\/posts\/187"}],"collection":[{"href":"https:\/\/www.oprotect.com\/blog\/wp-json\/wp\/v2\/posts"}],"about":[{"href":"https:\/\/www.oprotect.com\/blog\/wp-json\/wp\/v2\/types\/post"}],"author":[{"embeddable":true,"href":"https:\/\/www.oprotect.com\/blog\/wp-json\/wp\/v2\/users\/1"}],"replies":[{"embeddable":true,"href":"https:\/\/www.oprotect.com\/blog\/wp-json\/wp\/v2\/comments?post=187"}],"version-history":[{"count":6,"href":"https:\/\/www.oprotect.com\/blog\/wp-json\/wp\/v2\/posts\/187\/revisions"}],"predecessor-version":[{"id":597,"href":"https:\/\/www.oprotect.com\/blog\/wp-json\/wp\/v2\/posts\/187\/revisions\/597"}],"wp:attachment":[{"href":"https:\/\/www.oprotect.com\/blog\/wp-json\/wp\/v2\/media?parent=187"}],"wp:term":[{"taxonomy":"category","embeddable":true,"href":"https:\/\/www.oprotect.com\/blog\/wp-json\/wp\/v2\/categories?post=187"},{"taxonomy":"post_tag","embeddable":true,"href":"https:\/\/www.oprotect.com\/blog\/wp-json\/wp\/v2\/tags?post=187"}],"curies":[{"name":"wp","href":"https:\/\/api.w.org\/{rel}","templated":true}]}}