{"id":225,"date":"2018-12-06T11:25:06","date_gmt":"2018-12-06T10:25:06","guid":{"rendered":"http:\/\/oprotect.com\/blog\/?p=225"},"modified":"2019-07-17T10:08:23","modified_gmt":"2019-07-17T08:08:23","slug":"la-fete-des-lumieres-un-week-end-sous-haute-surveillance-a-lyon","status":"publish","type":"post","link":"https:\/\/www.oprotect.com\/blog\/la-fete-des-lumieres-un-week-end-sous-haute-surveillance-a-lyon\/","title":{"rendered":"Les f\u00eates des lumi\u00e8res : un week-end sous haute surveillance \u00e0 Lyon"},"content":{"rendered":"<p>Ce samedi 8 d\u00e9cembre risque d\u2019\u00eatre tr\u00e8s compliqu\u00e9 en mati\u00e8re de s\u00e9curit\u00e9 pour Lyon. 3 \u00e9v\u00e8nements majeurs qui attirent du monde en centre-ville vont se chevaucher : les F\u00eates des Lumi\u00e8res, la marche pour le climat et les gilets jaunes. Comment va s\u2019organiser la ville de Lyon ?<\/p>\n<h3><em>La F\u00eates des Lumi\u00e8res, symbole lyonnais<\/em><\/h3>\n<p>Chaque ann\u00e9e la F\u00eate des Lumi\u00e8res a lieu \u00e0 Lyon pendant 4 jours autour du 8 d\u00e9cembre. Elle se tient du 6 au 9 cette ann\u00e9e. La f\u00eate est toujours un succ\u00e8s, elle attire en moyenne 3 millions de visiteurs chaque ann\u00e9e venus voir les quelques 80 installations luminaires. C\u2019est un symbole de la ville, \u00ab\u00a0c\u2019est la plus belle f\u00eate de Lyon\u00a0\u00bb selon le maire G\u00e9rard Collomb. Elle avait \u00e9t\u00e9 annul\u00e9e en 2015 apr\u00e8s la vague d\u2019attentats ayant frapp\u00e9s la France. Mais depuis hors de question de l\u2019annuler. Elle repr\u00e9sente beaucoup pour les lyonnais et participe de l\u2019aura de Lyon en France et \u00e0 l\u2019\u00e9tranger. C&#8217;est aussi un enjeu \u00e9conomique pour Lyon, les retomb\u00e9es \u00e9conomiques sont \u00e9normes.<\/p>\n<h3><em>Les F\u00eates des Lumi\u00e8res en m\u00eame temps que la marche pour le climat et les gilets jaunes<\/em><\/h3>\n<p>Mais cette ann\u00e9e, les autorit\u00e9s lyonnaises font face \u00e0 une situation in\u00e9dite. La F\u00eate des Lumi\u00e8res a lieu en m\u00eame temps que la marche pour le climat et les gilets jaunes.<\/p>\n<p>La F\u00eate des Lumi\u00e8res aura lieu sur la Presqu\u2019\u00eele et dans le parc de la T\u00eate d\u2019Or, dans un p\u00e9rim\u00e8tre ferm\u00e9 o\u00f9 tous les individus seront fouill\u00e9s \u00e0 l\u2019entr\u00e9e.<\/p>\n<p>La marche pour le climat aura lieu dans le VII\u00b0 arrondissement, sous demande de la mairie. Il ne devrait donc pas y avoir de collision. Mais il faudra quand m\u00eame mobiliser des forces de l\u2019ordre pour s\u00e9curiser le cort\u00e8ge.<\/p>\n<p>Le mouvement des \u00ab\u00a0gilets jaunes\u00a0\u00bb a pr\u00e9vu de se rassembler place Bellecour aux alentours de midi. Probl\u00e9matique pour la f\u00eate des Lumi\u00e8res, du mat\u00e9riel \u00e9lectronique sera sur place, <a href=\"\/\/oprotect.com\/blog\/2018\/12\/02\/gilets-jaunes-le\u2026r-leurs-magasins\/\">la casse pourrait \u00eatre \u00e9norme<\/a>. Et les d\u00e9bordements pourraient provoquer des mouvements de foules d\u00e9vastateurs.<\/p>\n<h3><em>Un d\u00e9ploiement massif des forces de l\u2019ordre et de secours<\/em><\/h3>\n<p>Les autorit\u00e9s lyonnaises ont pr\u00e9vu un dispositif lourd pour s\u00e9curiser la ville ce week-end. Un dispositif pr\u00e9ventif de verrouillage de la zone presqu\u2019\u00eele-parc de la T\u00eate d\u2019Or avec fouilles \u00e0 l\u2019entr\u00e9e sera mis en place. Seront pr\u00e9sent \u00e0 la fois des forces de s\u00e9curit\u00e9 et des forces de secours. 200 policiers municipaux, 237 agents de s\u00e9curit\u00e9 priv\u00e9e, 103 policiers d\u2019\u00e9lite du Raid, de la BRI et de la BAC, 160 pompiers, 70 secouristes, 4 bateaux sillonnant le Rh\u00f4ne et la Sa\u00f4ne, un h\u00e9licopt\u00e8re, un drone militaire, des \u00e9quipages canin et de d\u00e9minage. Un dispositif lourd donc, mais aussi \u00ab\u00a0un dispositif adaptable et \u00e9volutif\u00a0\u00bb selon le pr\u00e9fet de police de Lyon. L\u2019enjeu est de pouvoir r\u00e9pondre \u00e0 tout incident\u00a0: d\u00e9bordements des gilets jaunes, attaques terroristes\u2026<\/p>\n<p>La f\u00eate des Lumi\u00e8res \u00ab\u00a0doit rester un plaisir, une \u00e9motion, une part de r\u00eave pour chacun de nous\u00a0\u00bb selon G\u00e9rard Collomb. Les \u00e9v\u00e8nements r\u00e9cents en France ne doivent pas remettre cela en cause. Les dispositifs de s\u00e9curit\u00e9 mis en place sont l\u00e0 pour cela. Nous verrons dimanche si le week-end a \u00e9t\u00e9 beau.<\/p>\n","protected":false},"excerpt":{"rendered":"<p>Ce samedi 8 d\u00e9cembre risque d\u2019\u00eatre tr\u00e8s compliqu\u00e9 en mati\u00e8re de s\u00e9curit\u00e9 pour Lyon. 3 \u00e9v\u00e8nements majeurs qui attirent du monde en centre-ville vont se chevaucher : les F\u00eates des Lumi\u00e8res, la marche pour le climat et les gilets jaunes. Comment va s\u2019organiser la ville de Lyon ? La F\u00eates des Lumi\u00e8res, symbole lyonnais Chaque &hellip; <\/p>\n<p class=\"read-more\"><a class=\"btn btn-default\" href=\"https:\/\/www.oprotect.com\/blog\/la-fete-des-lumieres-un-week-end-sous-haute-surveillance-a-lyon\/\"> Read More<span class=\"screen-reader-text\">  Read More<\/span><\/a><\/p>\n","protected":false},"author":1,"featured_media":619,"comment_status":"open","ping_status":"open","sticky":false,"template":"","format":"standard","meta":[],"categories":[7],"tags":[],"yoast_head":"<!-- This site is optimized with the Yoast SEO plugin v19.9 - https:\/\/yoast.com\/wordpress\/plugins\/seo\/ -->\n<title>Les f\u00eates des lumi\u00e8res : un week-end sous haute surveillance \u00e0 Lyon<\/title>\n<meta name=\"description\" content=\"Ce samedi, auront lieu simultan\u00e9ment \u00e0 Lyon les F\u00eates des Lumi\u00e8res, la marche pour le climat et un rassemblement des gilets jaunes. Quid de la s\u00e9curit\u00e9 ?\" \/>\n<meta name=\"robots\" content=\"index, follow, max-snippet:-1, max-image-preview:large, max-video-preview:-1\" \/>\n<link rel=\"canonical\" href=\"https:\/\/www.oprotect.com\/blog\/la-fete-des-lumieres-un-week-end-sous-haute-surveillance-a-lyon\/\" \/>\n<meta property=\"og:locale\" content=\"en_US\" \/>\n<meta property=\"og:type\" content=\"article\" \/>\n<meta property=\"og:title\" content=\"Les f\u00eates des lumi\u00e8res : un week-end sous haute surveillance \u00e0 Lyon\" \/>\n<meta property=\"og:description\" content=\"Ce samedi, auront lieu simultan\u00e9ment \u00e0 Lyon les F\u00eates des Lumi\u00e8res, la marche pour le climat et un rassemblement des gilets jaunes. Quid de la s\u00e9curit\u00e9 ?\" \/>\n<meta property=\"og:url\" content=\"https:\/\/www.oprotect.com\/blog\/la-fete-des-lumieres-un-week-end-sous-haute-surveillance-a-lyon\/\" \/>\n<meta property=\"og:site_name\" content=\"Le blog Oprotect en toute s\u00e9curit\u00e9\" \/>\n<meta property=\"article:published_time\" content=\"2018-12-06T10:25:06+00:00\" \/>\n<meta property=\"article:modified_time\" content=\"2019-07-17T08:08:23+00:00\" \/>\n<meta property=\"og:image\" content=\"https:\/\/www.oprotect.com\/blog\/wp-content\/uploads\/2018\/12\/lyon-1273841_1280.jpg\" \/>\n\t<meta property=\"og:image:width\" content=\"1280\" \/>\n\t<meta property=\"og:image:height\" content=\"853\" \/>\n\t<meta property=\"og:image:type\" content=\"image\/jpeg\" \/>\n<meta name=\"author\" content=\"Daniel Besson\" \/>\n<meta name=\"twitter:card\" content=\"summary_large_image\" \/>\n<meta name=\"twitter:label1\" content=\"Written by\" \/>\n\t<meta name=\"twitter:data1\" content=\"Daniel Besson\" \/>\n\t<meta name=\"twitter:label2\" content=\"Est. reading time\" \/>\n\t<meta name=\"twitter:data2\" content=\"3 minutes\" \/>\n<script type=\"application\/ld+json\" class=\"yoast-schema-graph\">{\"@context\":\"https:\/\/schema.org\",\"@graph\":[{\"@type\":\"Article\",\"@id\":\"https:\/\/www.oprotect.com\/blog\/la-fete-des-lumieres-un-week-end-sous-haute-surveillance-a-lyon\/#article\",\"isPartOf\":{\"@id\":\"https:\/\/www.oprotect.com\/blog\/la-fete-des-lumieres-un-week-end-sous-haute-surveillance-a-lyon\/\"},\"author\":{\"name\":\"Daniel Besson\",\"@id\":\"https:\/\/www.oprotect.com\/blog\/#\/schema\/person\/605be1ee18f13724a3c0cb579d95489f\"},\"headline\":\"Les f\u00eates des lumi\u00e8res : un week-end sous haute surveillance \u00e0 Lyon\",\"datePublished\":\"2018-12-06T10:25:06+00:00\",\"dateModified\":\"2019-07-17T08:08:23+00:00\",\"mainEntityOfPage\":{\"@id\":\"https:\/\/www.oprotect.com\/blog\/la-fete-des-lumieres-un-week-end-sous-haute-surveillance-a-lyon\/\"},\"wordCount\":599,\"commentCount\":0,\"publisher\":{\"@id\":\"https:\/\/www.oprotect.com\/blog\/#organization\"},\"articleSection\":[\"Uncategorised\"],\"inLanguage\":\"en-US\",\"potentialAction\":[{\"@type\":\"CommentAction\",\"name\":\"Comment\",\"target\":[\"https:\/\/www.oprotect.com\/blog\/la-fete-des-lumieres-un-week-end-sous-haute-surveillance-a-lyon\/#respond\"]}]},{\"@type\":\"WebPage\",\"@id\":\"https:\/\/www.oprotect.com\/blog\/la-fete-des-lumieres-un-week-end-sous-haute-surveillance-a-lyon\/\",\"url\":\"https:\/\/www.oprotect.com\/blog\/la-fete-des-lumieres-un-week-end-sous-haute-surveillance-a-lyon\/\",\"name\":\"Les f\u00eates des lumi\u00e8res : un week-end sous haute surveillance \u00e0 Lyon\",\"isPartOf\":{\"@id\":\"https:\/\/www.oprotect.com\/blog\/#website\"},\"datePublished\":\"2018-12-06T10:25:06+00:00\",\"dateModified\":\"2019-07-17T08:08:23+00:00\",\"description\":\"Ce samedi, auront lieu simultan\u00e9ment \u00e0 Lyon les F\u00eates des Lumi\u00e8res, la marche pour le climat et un rassemblement des gilets jaunes. Quid de la s\u00e9curit\u00e9 ?\",\"breadcrumb\":{\"@id\":\"https:\/\/www.oprotect.com\/blog\/la-fete-des-lumieres-un-week-end-sous-haute-surveillance-a-lyon\/#breadcrumb\"},\"inLanguage\":\"en-US\",\"potentialAction\":[{\"@type\":\"ReadAction\",\"target\":[\"https:\/\/www.oprotect.com\/blog\/la-fete-des-lumieres-un-week-end-sous-haute-surveillance-a-lyon\/\"]}]},{\"@type\":\"BreadcrumbList\",\"@id\":\"https:\/\/www.oprotect.com\/blog\/la-fete-des-lumieres-un-week-end-sous-haute-surveillance-a-lyon\/#breadcrumb\",\"itemListElement\":[{\"@type\":\"ListItem\",\"position\":1,\"name\":\"Home\",\"item\":\"https:\/\/www.oprotect.com\/blog\/\"},{\"@type\":\"ListItem\",\"position\":2,\"name\":\"Les f\u00eates des lumi\u00e8res : un week-end sous haute surveillance \u00e0 Lyon\"}]},{\"@type\":\"WebSite\",\"@id\":\"https:\/\/www.oprotect.com\/blog\/#website\",\"url\":\"https:\/\/www.oprotect.com\/blog\/\",\"name\":\"Le blog Oprotect en toute s\u00e9curit\u00e9\",\"description\":\"R\u00e9servez des agents de s\u00e9curit\u00e9 en quelques clics\",\"publisher\":{\"@id\":\"https:\/\/www.oprotect.com\/blog\/#organization\"},\"potentialAction\":[{\"@type\":\"SearchAction\",\"target\":{\"@type\":\"EntryPoint\",\"urlTemplate\":\"https:\/\/www.oprotect.com\/blog\/?s={search_term_string}\"},\"query-input\":\"required name=search_term_string\"}],\"inLanguage\":\"en-US\"},{\"@type\":\"Organization\",\"@id\":\"https:\/\/www.oprotect.com\/blog\/#organization\",\"name\":\"Le blog Oprotect en toute s\u00e9curit\u00e9\",\"url\":\"https:\/\/www.oprotect.com\/blog\/\",\"logo\":{\"@type\":\"ImageObject\",\"inLanguage\":\"en-US\",\"@id\":\"https:\/\/www.oprotect.com\/blog\/#\/schema\/logo\/image\/\",\"url\":\"https:\/\/www.oprotect.com\/blog\/wp-content\/uploads\/2022\/05\/logo_new.png\",\"contentUrl\":\"https:\/\/www.oprotect.com\/blog\/wp-content\/uploads\/2022\/05\/logo_new.png\",\"width\":216,\"height\":46,\"caption\":\"Le blog Oprotect en toute s\u00e9curit\u00e9\"},\"image\":{\"@id\":\"https:\/\/www.oprotect.com\/blog\/#\/schema\/logo\/image\/\"}},{\"@type\":\"Person\",\"@id\":\"https:\/\/www.oprotect.com\/blog\/#\/schema\/person\/605be1ee18f13724a3c0cb579d95489f\",\"name\":\"Daniel Besson\",\"url\":\"https:\/\/www.oprotect.com\/blog\/author\/uado19wp\/\"}]}<\/script>\n<!-- \/ Yoast SEO plugin. -->","yoast_head_json":{"title":"Les f\u00eates des lumi\u00e8res : un week-end sous haute surveillance \u00e0 Lyon","description":"Ce samedi, auront lieu simultan\u00e9ment \u00e0 Lyon les F\u00eates des Lumi\u00e8res, la marche pour le climat et un rassemblement des gilets jaunes. Quid de la s\u00e9curit\u00e9 ?","robots":{"index":"index","follow":"follow","max-snippet":"max-snippet:-1","max-image-preview":"max-image-preview:large","max-video-preview":"max-video-preview:-1"},"canonical":"https:\/\/www.oprotect.com\/blog\/la-fete-des-lumieres-un-week-end-sous-haute-surveillance-a-lyon\/","og_locale":"en_US","og_type":"article","og_title":"Les f\u00eates des lumi\u00e8res : un week-end sous haute surveillance \u00e0 Lyon","og_description":"Ce samedi, auront lieu simultan\u00e9ment \u00e0 Lyon les F\u00eates des Lumi\u00e8res, la marche pour le climat et un rassemblement des gilets jaunes. Quid de la s\u00e9curit\u00e9 ?","og_url":"https:\/\/www.oprotect.com\/blog\/la-fete-des-lumieres-un-week-end-sous-haute-surveillance-a-lyon\/","og_site_name":"Le blog Oprotect en toute s\u00e9curit\u00e9","article_published_time":"2018-12-06T10:25:06+00:00","article_modified_time":"2019-07-17T08:08:23+00:00","og_image":[{"width":1280,"height":853,"url":"https:\/\/www.oprotect.com\/blog\/wp-content\/uploads\/2018\/12\/lyon-1273841_1280.jpg","type":"image\/jpeg"}],"author":"Daniel Besson","twitter_card":"summary_large_image","twitter_misc":{"Written by":"Daniel Besson","Est. reading time":"3 minutes"},"schema":{"@context":"https:\/\/schema.org","@graph":[{"@type":"Article","@id":"https:\/\/www.oprotect.com\/blog\/la-fete-des-lumieres-un-week-end-sous-haute-surveillance-a-lyon\/#article","isPartOf":{"@id":"https:\/\/www.oprotect.com\/blog\/la-fete-des-lumieres-un-week-end-sous-haute-surveillance-a-lyon\/"},"author":{"name":"Daniel Besson","@id":"https:\/\/www.oprotect.com\/blog\/#\/schema\/person\/605be1ee18f13724a3c0cb579d95489f"},"headline":"Les f\u00eates des lumi\u00e8res : un week-end sous haute surveillance \u00e0 Lyon","datePublished":"2018-12-06T10:25:06+00:00","dateModified":"2019-07-17T08:08:23+00:00","mainEntityOfPage":{"@id":"https:\/\/www.oprotect.com\/blog\/la-fete-des-lumieres-un-week-end-sous-haute-surveillance-a-lyon\/"},"wordCount":599,"commentCount":0,"publisher":{"@id":"https:\/\/www.oprotect.com\/blog\/#organization"},"articleSection":["Uncategorised"],"inLanguage":"en-US","potentialAction":[{"@type":"CommentAction","name":"Comment","target":["https:\/\/www.oprotect.com\/blog\/la-fete-des-lumieres-un-week-end-sous-haute-surveillance-a-lyon\/#respond"]}]},{"@type":"WebPage","@id":"https:\/\/www.oprotect.com\/blog\/la-fete-des-lumieres-un-week-end-sous-haute-surveillance-a-lyon\/","url":"https:\/\/www.oprotect.com\/blog\/la-fete-des-lumieres-un-week-end-sous-haute-surveillance-a-lyon\/","name":"Les f\u00eates des lumi\u00e8res : un week-end sous haute surveillance \u00e0 Lyon","isPartOf":{"@id":"https:\/\/www.oprotect.com\/blog\/#website"},"datePublished":"2018-12-06T10:25:06+00:00","dateModified":"2019-07-17T08:08:23+00:00","description":"Ce samedi, auront lieu simultan\u00e9ment \u00e0 Lyon les F\u00eates des Lumi\u00e8res, la marche pour le climat et un rassemblement des gilets jaunes. Quid de la s\u00e9curit\u00e9 ?","breadcrumb":{"@id":"https:\/\/www.oprotect.com\/blog\/la-fete-des-lumieres-un-week-end-sous-haute-surveillance-a-lyon\/#breadcrumb"},"inLanguage":"en-US","potentialAction":[{"@type":"ReadAction","target":["https:\/\/www.oprotect.com\/blog\/la-fete-des-lumieres-un-week-end-sous-haute-surveillance-a-lyon\/"]}]},{"@type":"BreadcrumbList","@id":"https:\/\/www.oprotect.com\/blog\/la-fete-des-lumieres-un-week-end-sous-haute-surveillance-a-lyon\/#breadcrumb","itemListElement":[{"@type":"ListItem","position":1,"name":"Home","item":"https:\/\/www.oprotect.com\/blog\/"},{"@type":"ListItem","position":2,"name":"Les f\u00eates des lumi\u00e8res : un week-end sous haute surveillance \u00e0 Lyon"}]},{"@type":"WebSite","@id":"https:\/\/www.oprotect.com\/blog\/#website","url":"https:\/\/www.oprotect.com\/blog\/","name":"Le blog Oprotect en toute s\u00e9curit\u00e9","description":"R\u00e9servez des agents de s\u00e9curit\u00e9 en quelques clics","publisher":{"@id":"https:\/\/www.oprotect.com\/blog\/#organization"},"potentialAction":[{"@type":"SearchAction","target":{"@type":"EntryPoint","urlTemplate":"https:\/\/www.oprotect.com\/blog\/?s={search_term_string}"},"query-input":"required name=search_term_string"}],"inLanguage":"en-US"},{"@type":"Organization","@id":"https:\/\/www.oprotect.com\/blog\/#organization","name":"Le blog Oprotect en toute s\u00e9curit\u00e9","url":"https:\/\/www.oprotect.com\/blog\/","logo":{"@type":"ImageObject","inLanguage":"en-US","@id":"https:\/\/www.oprotect.com\/blog\/#\/schema\/logo\/image\/","url":"https:\/\/www.oprotect.com\/blog\/wp-content\/uploads\/2022\/05\/logo_new.png","contentUrl":"https:\/\/www.oprotect.com\/blog\/wp-content\/uploads\/2022\/05\/logo_new.png","width":216,"height":46,"caption":"Le blog Oprotect en toute s\u00e9curit\u00e9"},"image":{"@id":"https:\/\/www.oprotect.com\/blog\/#\/schema\/logo\/image\/"}},{"@type":"Person","@id":"https:\/\/www.oprotect.com\/blog\/#\/schema\/person\/605be1ee18f13724a3c0cb579d95489f","name":"Daniel Besson","url":"https:\/\/www.oprotect.com\/blog\/author\/uado19wp\/"}]}},"_links":{"self":[{"href":"https:\/\/www.oprotect.com\/blog\/wp-json\/wp\/v2\/posts\/225"}],"collection":[{"href":"https:\/\/www.oprotect.com\/blog\/wp-json\/wp\/v2\/posts"}],"about":[{"href":"https:\/\/www.oprotect.com\/blog\/wp-json\/wp\/v2\/types\/post"}],"author":[{"embeddable":true,"href":"https:\/\/www.oprotect.com\/blog\/wp-json\/wp\/v2\/users\/1"}],"replies":[{"embeddable":true,"href":"https:\/\/www.oprotect.com\/blog\/wp-json\/wp\/v2\/comments?post=225"}],"version-history":[{"count":4,"href":"https:\/\/www.oprotect.com\/blog\/wp-json\/wp\/v2\/posts\/225\/revisions"}],"predecessor-version":[{"id":621,"href":"https:\/\/www.oprotect.com\/blog\/wp-json\/wp\/v2\/posts\/225\/revisions\/621"}],"wp:featuredmedia":[{"embeddable":true,"href":"https:\/\/www.oprotect.com\/blog\/wp-json\/wp\/v2\/media\/619"}],"wp:attachment":[{"href":"https:\/\/www.oprotect.com\/blog\/wp-json\/wp\/v2\/media?parent=225"}],"wp:term":[{"taxonomy":"category","embeddable":true,"href":"https:\/\/www.oprotect.com\/blog\/wp-json\/wp\/v2\/categories?post=225"},{"taxonomy":"post_tag","embeddable":true,"href":"https:\/\/www.oprotect.com\/blog\/wp-json\/wp\/v2\/tags?post=225"}],"curies":[{"name":"wp","href":"https:\/\/api.w.org\/{rel}","templated":true}]}}