{"id":420,"date":"2019-07-16T15:00:09","date_gmt":"2019-07-16T13:00:09","guid":{"rendered":"https:\/\/www.oprotect.com\/blog\/?p=420"},"modified":"2019-07-30T13:33:04","modified_gmt":"2019-07-30T11:33:04","slug":"le-ras-le-bol-des-bijoutiers-concernant-le-manque-de-securite","status":"publish","type":"post","link":"https:\/\/www.oprotect.com\/blog\/le-ras-le-bol-des-bijoutiers-concernant-le-manque-de-securite\/","title":{"rendered":"Le ras-le-bol des bijoutiers concernant le manque de s\u00e9curit\u00e9"},"content":{"rendered":"\n<h4 style=\"text-align:left\">Selon Christine Boquet dans un interview pour <a href=\"\/\/www.nicematin.com\/faits-societe\/video-la-presidente-des-bijoutiers-de-france-il-y-a-un-braquage-de-bijouterie-par-jour-359194\">Nice-Matin<\/a>, un braquage de bijouteries a lieu tous les jours en France. M\u00eame constat pour <a href=\"\/\/inhesj.fr\/ondrp\">l&#8217;Observatoire National de la D\u00e9linquance et des R\u00e9ponses P\u00e9nales (ONDRP)<\/a>, qui souligne que le nombre de braquages a augment\u00e9 de pr\u00e8s de 60% ces derni\u00e8res ann\u00e9es.<\/h4>\n\n\n\n<h3>Les facteurs de la recrudescence du nombre de braquages de bijouteries<\/h3>\n\n\n\n<p>Une des principales raisons de l&#8217;explosion du nombre de braquage serait la hausse du cours de l&#8217;or. En effet, l&#8217;or devient une valeur s\u00fbre pour les investisseurs et les d\u00e9\u00e7us du crack de 2008. La majorit\u00e9 des bijoux vendus a une forte contenance en or et ils se revendent tr\u00e8s bien au march\u00e9 noir. De ce fait, ils sont tr\u00e8s pris\u00e9s par les braqueurs. Ces derniers n&#8217;h\u00e9sitent pas \u00e0 faire preuve d&#8217;une extr\u00eame violence pour r\u00e9cup\u00e9rer le maximum de bijoux possible. Tout doucement, on se dirige vers une professionnalisation du braquage de bijouteries. <\/p>\n\n\n\n<p>Dernier braquage en date : le 5 juin 2019 dans le 8\u00e8me arrondissement \u00e0 Paris. Ce qui choque le plus dans ce type de braquage en dehors de sa violence, c&#8217;est la professionnalisation du m\u00e9tier de braqueurs. L&#8217;un des deux braqueurs, casqu\u00e9 et arm\u00e9, frappe le bijoutier \u00e0 la t\u00eate. Pendant ce temps-l\u00e0, le deuxi\u00e8me individu, s&#8217;empare du contenu de la vitrine. Effectivement, ils ont l&#8217;air de s&#8217;entrainer de mieux en mieux pour \u00eatre de plus en plus \u00e0 l&#8217;aise. Pour r\u00e9pondre \u00e0 cette professionnalisation, il faudrait faire appel \u00e0 des professionnels de la s\u00e9curit\u00e9.  <\/p>\n\n\n\n<h3>Des soci\u00e9t\u00e9s de s\u00e9curit\u00e9 priv\u00e9e comme effet dissuasif  <\/h3>\n\n\n\n<p>En 2010, l&#8217;Etat s&#8217;est rendu compte des lacunes du syst\u00e8me de s\u00e9curit\u00e9 des bijouteries. C&#8217;est ainsi que la collaboration entre instances publiques et soci\u00e9t\u00e9s de s\u00e9curit\u00e9 priv\u00e9e commen\u00e7a. En effet, cam\u00e9ras de surveillance et sas de s\u00e9curit\u00e9 ne dissuadent plus les voleurs. Aussi, les braqueurs sont de plus en plus violents envers les bijouteries. L&#8217;Etat pourrait donc faire appel \u00e0 des soci\u00e9t\u00e9s de s\u00e9curit\u00e9 priv\u00e9e pour contrer cette tendance. Par exemple, des plateformes en ligne comme <a href=\"\/\/www.oprotect.com\/index.php\">OProtect<\/a> propose des services de s\u00e9curisation pour les objets de luxe. Leurs agents sont entrain\u00e9s \u00e0 ce type de situation et pr\u00eats \u00e0 r\u00e9pondre \u00e0 des situations de hold-up. Ainsi, avec une \u00e9quipe de s\u00e9curit\u00e9 form\u00e9e, le braquage de bijouteries du 5 juin n&#8217;aurait peut-\u00eatre pas eu lieu. <\/p>\n\n\n\n<p>Source : <a href=\"\/\/www.leparisien.fr\/paris-75\/les-images-impressionnantes-du-braquage-d-une-bijouterie-a-paris-05-06-2019-8086938.php\">\/\/www.leparisien.fr\/paris-75\/les-images-impressionnantes-du-braquage-d-une-bijouterie-a-paris-05-06-2019-8086938.php<\/a><\/p>\n","protected":false},"excerpt":{"rendered":"<p>Selon Christine Boquet dans un interview pour Nice-Matin, un braquage de bijouteries a lieu tous les jours en France. M\u00eame constat pour l&#8217;Observatoire National de la D\u00e9linquance et des R\u00e9ponses P\u00e9nales (ONDRP), qui souligne que le nombre de braquages a augment\u00e9 de pr\u00e8s de 60% ces derni\u00e8res ann\u00e9es. Les facteurs de la recrudescence du nombre &hellip; <\/p>\n<p class=\"read-more\"><a class=\"btn btn-default\" href=\"https:\/\/www.oprotect.com\/blog\/le-ras-le-bol-des-bijoutiers-concernant-le-manque-de-securite\/\"> Read More<span class=\"screen-reader-text\">  Read More<\/span><\/a><\/p>\n","protected":false},"author":1,"featured_media":423,"comment_status":"open","ping_status":"open","sticky":false,"template":"","format":"standard","meta":[],"categories":[7],"tags":[],"yoast_head":"<!-- This site is optimized with the Yoast SEO plugin v19.9 - https:\/\/yoast.com\/wordpress\/plugins\/seo\/ -->\n<title>Braquage de bijoutier et s\u00e9curisation : prot\u00e9ger sa bijouterie par des agents<\/title>\n<meta name=\"description\" content=\"Le 5 juin 2019, un braquage de bijouteries d&#039;une violence inouie a eu lieu dans le 8\u00e8me arrondissement de Paris. La s\u00e9curisation remise en question.\" \/>\n<meta name=\"robots\" content=\"index, follow, max-snippet:-1, max-image-preview:large, max-video-preview:-1\" \/>\n<link rel=\"canonical\" href=\"https:\/\/www.oprotect.com\/blog\/le-ras-le-bol-des-bijoutiers-concernant-le-manque-de-securite\/\" \/>\n<meta property=\"og:locale\" content=\"en_US\" \/>\n<meta property=\"og:type\" content=\"article\" \/>\n<meta property=\"og:title\" content=\"Braquage de bijoutier et s\u00e9curisation : prot\u00e9ger sa bijouterie par des agents\" \/>\n<meta property=\"og:description\" content=\"Le 5 juin 2019, un braquage de bijouteries d&#039;une violence inouie a eu lieu dans le 8\u00e8me arrondissement de Paris. La s\u00e9curisation remise en question.\" \/>\n<meta property=\"og:url\" content=\"https:\/\/www.oprotect.com\/blog\/le-ras-le-bol-des-bijoutiers-concernant-le-manque-de-securite\/\" \/>\n<meta property=\"og:site_name\" content=\"Le blog Oprotect en toute s\u00e9curit\u00e9\" \/>\n<meta property=\"article:published_time\" content=\"2019-07-16T13:00:09+00:00\" \/>\n<meta property=\"article:modified_time\" content=\"2019-07-30T11:33:04+00:00\" \/>\n<meta property=\"og:image\" content=\"https:\/\/www.oprotect.com\/blog\/wp-content\/uploads\/2019\/07\/jewelry-store-1803808_1280.jpg\" \/>\n\t<meta property=\"og:image:width\" content=\"1280\" \/>\n\t<meta property=\"og:image:height\" content=\"853\" \/>\n\t<meta property=\"og:image:type\" content=\"image\/jpeg\" \/>\n<meta name=\"author\" content=\"Daniel Besson\" \/>\n<meta name=\"twitter:card\" content=\"summary_large_image\" \/>\n<meta name=\"twitter:label1\" content=\"Written by\" \/>\n\t<meta name=\"twitter:data1\" content=\"Daniel Besson\" \/>\n\t<meta name=\"twitter:label2\" content=\"Est. reading time\" \/>\n\t<meta name=\"twitter:data2\" content=\"2 minutes\" \/>\n<script type=\"application\/ld+json\" class=\"yoast-schema-graph\">{\"@context\":\"https:\/\/schema.org\",\"@graph\":[{\"@type\":\"Article\",\"@id\":\"https:\/\/www.oprotect.com\/blog\/le-ras-le-bol-des-bijoutiers-concernant-le-manque-de-securite\/#article\",\"isPartOf\":{\"@id\":\"https:\/\/www.oprotect.com\/blog\/le-ras-le-bol-des-bijoutiers-concernant-le-manque-de-securite\/\"},\"author\":{\"name\":\"Daniel Besson\",\"@id\":\"https:\/\/www.oprotect.com\/blog\/#\/schema\/person\/605be1ee18f13724a3c0cb579d95489f\"},\"headline\":\"Le ras-le-bol des bijoutiers concernant le manque de s\u00e9curit\u00e9\",\"datePublished\":\"2019-07-16T13:00:09+00:00\",\"dateModified\":\"2019-07-30T11:33:04+00:00\",\"mainEntityOfPage\":{\"@id\":\"https:\/\/www.oprotect.com\/blog\/le-ras-le-bol-des-bijoutiers-concernant-le-manque-de-securite\/\"},\"wordCount\":427,\"commentCount\":0,\"publisher\":{\"@id\":\"https:\/\/www.oprotect.com\/blog\/#organization\"},\"articleSection\":[\"Uncategorised\"],\"inLanguage\":\"en-US\",\"potentialAction\":[{\"@type\":\"CommentAction\",\"name\":\"Comment\",\"target\":[\"https:\/\/www.oprotect.com\/blog\/le-ras-le-bol-des-bijoutiers-concernant-le-manque-de-securite\/#respond\"]}]},{\"@type\":\"WebPage\",\"@id\":\"https:\/\/www.oprotect.com\/blog\/le-ras-le-bol-des-bijoutiers-concernant-le-manque-de-securite\/\",\"url\":\"https:\/\/www.oprotect.com\/blog\/le-ras-le-bol-des-bijoutiers-concernant-le-manque-de-securite\/\",\"name\":\"Braquage de bijoutier et s\u00e9curisation : prot\u00e9ger sa bijouterie par des agents\",\"isPartOf\":{\"@id\":\"https:\/\/www.oprotect.com\/blog\/#website\"},\"datePublished\":\"2019-07-16T13:00:09+00:00\",\"dateModified\":\"2019-07-30T11:33:04+00:00\",\"description\":\"Le 5 juin 2019, un braquage de bijouteries d'une violence inouie a eu lieu dans le 8\u00e8me arrondissement de Paris. La s\u00e9curisation remise en question.\",\"breadcrumb\":{\"@id\":\"https:\/\/www.oprotect.com\/blog\/le-ras-le-bol-des-bijoutiers-concernant-le-manque-de-securite\/#breadcrumb\"},\"inLanguage\":\"en-US\",\"potentialAction\":[{\"@type\":\"ReadAction\",\"target\":[\"https:\/\/www.oprotect.com\/blog\/le-ras-le-bol-des-bijoutiers-concernant-le-manque-de-securite\/\"]}]},{\"@type\":\"BreadcrumbList\",\"@id\":\"https:\/\/www.oprotect.com\/blog\/le-ras-le-bol-des-bijoutiers-concernant-le-manque-de-securite\/#breadcrumb\",\"itemListElement\":[{\"@type\":\"ListItem\",\"position\":1,\"name\":\"Home\",\"item\":\"https:\/\/www.oprotect.com\/blog\/\"},{\"@type\":\"ListItem\",\"position\":2,\"name\":\"Le ras-le-bol des bijoutiers concernant le manque de s\u00e9curit\u00e9\"}]},{\"@type\":\"WebSite\",\"@id\":\"https:\/\/www.oprotect.com\/blog\/#website\",\"url\":\"https:\/\/www.oprotect.com\/blog\/\",\"name\":\"Le blog Oprotect en toute s\u00e9curit\u00e9\",\"description\":\"R\u00e9servez des agents de s\u00e9curit\u00e9 en quelques clics\",\"publisher\":{\"@id\":\"https:\/\/www.oprotect.com\/blog\/#organization\"},\"potentialAction\":[{\"@type\":\"SearchAction\",\"target\":{\"@type\":\"EntryPoint\",\"urlTemplate\":\"https:\/\/www.oprotect.com\/blog\/?s={search_term_string}\"},\"query-input\":\"required name=search_term_string\"}],\"inLanguage\":\"en-US\"},{\"@type\":\"Organization\",\"@id\":\"https:\/\/www.oprotect.com\/blog\/#organization\",\"name\":\"Le blog Oprotect en toute s\u00e9curit\u00e9\",\"url\":\"https:\/\/www.oprotect.com\/blog\/\",\"logo\":{\"@type\":\"ImageObject\",\"inLanguage\":\"en-US\",\"@id\":\"https:\/\/www.oprotect.com\/blog\/#\/schema\/logo\/image\/\",\"url\":\"https:\/\/www.oprotect.com\/blog\/wp-content\/uploads\/2022\/05\/logo_new.png\",\"contentUrl\":\"https:\/\/www.oprotect.com\/blog\/wp-content\/uploads\/2022\/05\/logo_new.png\",\"width\":216,\"height\":46,\"caption\":\"Le blog Oprotect en toute s\u00e9curit\u00e9\"},\"image\":{\"@id\":\"https:\/\/www.oprotect.com\/blog\/#\/schema\/logo\/image\/\"}},{\"@type\":\"Person\",\"@id\":\"https:\/\/www.oprotect.com\/blog\/#\/schema\/person\/605be1ee18f13724a3c0cb579d95489f\",\"name\":\"Daniel Besson\",\"url\":\"https:\/\/www.oprotect.com\/blog\/author\/uado19wp\/\"}]}<\/script>\n<!-- \/ Yoast SEO plugin. -->","yoast_head_json":{"title":"Braquage de bijoutier et s\u00e9curisation : prot\u00e9ger sa bijouterie par des agents","description":"Le 5 juin 2019, un braquage de bijouteries d'une violence inouie a eu lieu dans le 8\u00e8me arrondissement de Paris. La s\u00e9curisation remise en question.","robots":{"index":"index","follow":"follow","max-snippet":"max-snippet:-1","max-image-preview":"max-image-preview:large","max-video-preview":"max-video-preview:-1"},"canonical":"https:\/\/www.oprotect.com\/blog\/le-ras-le-bol-des-bijoutiers-concernant-le-manque-de-securite\/","og_locale":"en_US","og_type":"article","og_title":"Braquage de bijoutier et s\u00e9curisation : prot\u00e9ger sa bijouterie par des agents","og_description":"Le 5 juin 2019, un braquage de bijouteries d'une violence inouie a eu lieu dans le 8\u00e8me arrondissement de Paris. La s\u00e9curisation remise en question.","og_url":"https:\/\/www.oprotect.com\/blog\/le-ras-le-bol-des-bijoutiers-concernant-le-manque-de-securite\/","og_site_name":"Le blog Oprotect en toute s\u00e9curit\u00e9","article_published_time":"2019-07-16T13:00:09+00:00","article_modified_time":"2019-07-30T11:33:04+00:00","og_image":[{"width":1280,"height":853,"url":"https:\/\/www.oprotect.com\/blog\/wp-content\/uploads\/2019\/07\/jewelry-store-1803808_1280.jpg","type":"image\/jpeg"}],"author":"Daniel Besson","twitter_card":"summary_large_image","twitter_misc":{"Written by":"Daniel Besson","Est. reading time":"2 minutes"},"schema":{"@context":"https:\/\/schema.org","@graph":[{"@type":"Article","@id":"https:\/\/www.oprotect.com\/blog\/le-ras-le-bol-des-bijoutiers-concernant-le-manque-de-securite\/#article","isPartOf":{"@id":"https:\/\/www.oprotect.com\/blog\/le-ras-le-bol-des-bijoutiers-concernant-le-manque-de-securite\/"},"author":{"name":"Daniel Besson","@id":"https:\/\/www.oprotect.com\/blog\/#\/schema\/person\/605be1ee18f13724a3c0cb579d95489f"},"headline":"Le ras-le-bol des bijoutiers concernant le manque de s\u00e9curit\u00e9","datePublished":"2019-07-16T13:00:09+00:00","dateModified":"2019-07-30T11:33:04+00:00","mainEntityOfPage":{"@id":"https:\/\/www.oprotect.com\/blog\/le-ras-le-bol-des-bijoutiers-concernant-le-manque-de-securite\/"},"wordCount":427,"commentCount":0,"publisher":{"@id":"https:\/\/www.oprotect.com\/blog\/#organization"},"articleSection":["Uncategorised"],"inLanguage":"en-US","potentialAction":[{"@type":"CommentAction","name":"Comment","target":["https:\/\/www.oprotect.com\/blog\/le-ras-le-bol-des-bijoutiers-concernant-le-manque-de-securite\/#respond"]}]},{"@type":"WebPage","@id":"https:\/\/www.oprotect.com\/blog\/le-ras-le-bol-des-bijoutiers-concernant-le-manque-de-securite\/","url":"https:\/\/www.oprotect.com\/blog\/le-ras-le-bol-des-bijoutiers-concernant-le-manque-de-securite\/","name":"Braquage de bijoutier et s\u00e9curisation : prot\u00e9ger sa bijouterie par des agents","isPartOf":{"@id":"https:\/\/www.oprotect.com\/blog\/#website"},"datePublished":"2019-07-16T13:00:09+00:00","dateModified":"2019-07-30T11:33:04+00:00","description":"Le 5 juin 2019, un braquage de bijouteries d'une violence inouie a eu lieu dans le 8\u00e8me arrondissement de Paris. La s\u00e9curisation remise en question.","breadcrumb":{"@id":"https:\/\/www.oprotect.com\/blog\/le-ras-le-bol-des-bijoutiers-concernant-le-manque-de-securite\/#breadcrumb"},"inLanguage":"en-US","potentialAction":[{"@type":"ReadAction","target":["https:\/\/www.oprotect.com\/blog\/le-ras-le-bol-des-bijoutiers-concernant-le-manque-de-securite\/"]}]},{"@type":"BreadcrumbList","@id":"https:\/\/www.oprotect.com\/blog\/le-ras-le-bol-des-bijoutiers-concernant-le-manque-de-securite\/#breadcrumb","itemListElement":[{"@type":"ListItem","position":1,"name":"Home","item":"https:\/\/www.oprotect.com\/blog\/"},{"@type":"ListItem","position":2,"name":"Le ras-le-bol des bijoutiers concernant le manque de s\u00e9curit\u00e9"}]},{"@type":"WebSite","@id":"https:\/\/www.oprotect.com\/blog\/#website","url":"https:\/\/www.oprotect.com\/blog\/","name":"Le blog Oprotect en toute s\u00e9curit\u00e9","description":"R\u00e9servez des agents de s\u00e9curit\u00e9 en quelques clics","publisher":{"@id":"https:\/\/www.oprotect.com\/blog\/#organization"},"potentialAction":[{"@type":"SearchAction","target":{"@type":"EntryPoint","urlTemplate":"https:\/\/www.oprotect.com\/blog\/?s={search_term_string}"},"query-input":"required name=search_term_string"}],"inLanguage":"en-US"},{"@type":"Organization","@id":"https:\/\/www.oprotect.com\/blog\/#organization","name":"Le blog Oprotect en toute s\u00e9curit\u00e9","url":"https:\/\/www.oprotect.com\/blog\/","logo":{"@type":"ImageObject","inLanguage":"en-US","@id":"https:\/\/www.oprotect.com\/blog\/#\/schema\/logo\/image\/","url":"https:\/\/www.oprotect.com\/blog\/wp-content\/uploads\/2022\/05\/logo_new.png","contentUrl":"https:\/\/www.oprotect.com\/blog\/wp-content\/uploads\/2022\/05\/logo_new.png","width":216,"height":46,"caption":"Le blog Oprotect en toute s\u00e9curit\u00e9"},"image":{"@id":"https:\/\/www.oprotect.com\/blog\/#\/schema\/logo\/image\/"}},{"@type":"Person","@id":"https:\/\/www.oprotect.com\/blog\/#\/schema\/person\/605be1ee18f13724a3c0cb579d95489f","name":"Daniel Besson","url":"https:\/\/www.oprotect.com\/blog\/author\/uado19wp\/"}]}},"_links":{"self":[{"href":"https:\/\/www.oprotect.com\/blog\/wp-json\/wp\/v2\/posts\/420"}],"collection":[{"href":"https:\/\/www.oprotect.com\/blog\/wp-json\/wp\/v2\/posts"}],"about":[{"href":"https:\/\/www.oprotect.com\/blog\/wp-json\/wp\/v2\/types\/post"}],"author":[{"embeddable":true,"href":"https:\/\/www.oprotect.com\/blog\/wp-json\/wp\/v2\/users\/1"}],"replies":[{"embeddable":true,"href":"https:\/\/www.oprotect.com\/blog\/wp-json\/wp\/v2\/comments?post=420"}],"version-history":[{"count":13,"href":"https:\/\/www.oprotect.com\/blog\/wp-json\/wp\/v2\/posts\/420\/revisions"}],"predecessor-version":[{"id":684,"href":"https:\/\/www.oprotect.com\/blog\/wp-json\/wp\/v2\/posts\/420\/revisions\/684"}],"wp:featuredmedia":[{"embeddable":true,"href":"https:\/\/www.oprotect.com\/blog\/wp-json\/wp\/v2\/media\/423"}],"wp:attachment":[{"href":"https:\/\/www.oprotect.com\/blog\/wp-json\/wp\/v2\/media?parent=420"}],"wp:term":[{"taxonomy":"category","embeddable":true,"href":"https:\/\/www.oprotect.com\/blog\/wp-json\/wp\/v2\/categories?post=420"},{"taxonomy":"post_tag","embeddable":true,"href":"https:\/\/www.oprotect.com\/blog\/wp-json\/wp\/v2\/tags?post=420"}],"curies":[{"name":"wp","href":"https:\/\/api.w.org\/{rel}","templated":true}]}}