{"id":652,"date":"2019-08-15T00:00:07","date_gmt":"2019-08-14T22:00:07","guid":{"rendered":"https:\/\/www.oprotect.com\/blog\/?p=652"},"modified":"2019-08-06T15:07:05","modified_gmt":"2019-08-06T13:07:05","slug":"le-sentiment-d-insecurite-dans-les-transports-en-commun","status":"publish","type":"post","link":"https:\/\/www.oprotect.com\/blog\/le-sentiment-d-insecurite-dans-les-transports-en-commun\/","title":{"rendered":"Le sentiment d&#8217;ins\u00e9curit\u00e9 dans les transports en commun"},"content":{"rendered":"\n<h5>Le harc\u00e8lement de rue se fait de plus en plus de place dans les transports en commun. Selon <a href=\"\/\/www.leparisien.fr\/info-paris-ile-de-france-oise\/transports\/une-femme-sur-deux-a-peur-dans-les-transports-en-commun-17-04-2017-6861423.php\">le Parisien<\/a>, une femme sur deux a peur de prendre le bus, RER, m\u00e9tro \u00e0 Paris en 2017. Cela est d\u00fb aux nombreux \u00e9chos d&#8217;autres agressions ou de vols, posant un probl\u00e8me de s\u00e9curit\u00e9. <\/h5>\n\n\n\n<h4>Le bus, transport le plus risqu\u00e9 pour les femmes<\/h4>\n\n\n\n<p>Un chiffre : <a href=\"\/\/madame.lefigaro.fr\/societe\/transports-publics-les-hommes-autant-agresses-que-les-femmes-090315-95287\">6 femmes sur 10 redoutent une agression ou un vol dans les bus en Ile de France en 2015<\/a>. Donc, les transports en commun de la RATP sont un enfer \u00e0 prendre, pour toutes les femmes en r\u00e9gion parisienne. Elles sont victimes d&#8217;harc\u00e8lement r\u00e9p\u00e9t\u00e9, d&#8217;abus sexuels au quotidien. Ce climat de stress est renforc\u00e9 par les remarques oppressantes, les sifflements et les regards appuy\u00e9s. Ainsi, le soir, les femmes sont oblig\u00e9s de se retenir de prendre les bus et choisissent alors le taxi. De plus, 85 % des femmes interrog\u00e9es&nbsp;sont persuad\u00e9es qu&#8217;en cas d&#8217;agression&nbsp;personne ne leur viendrait en aide.<\/p>\n\n\n\n<h4>L&#8217;ins\u00e9curit\u00e9 dans les transports en commun : du harc\u00e8lement \u00e0 la violence <\/h4>\n\n\n\n<p>Mais, les hommes, eux, sont plus souvent attaqu\u00e9s dans les trains (42 % contre 34 % pour les femmes). Aussi, les agressions qui ont lieu sur les hommes sont davantage des blessures volontaires et de vols commis avec violences. En ce qui concerne le RER, plut\u00f4t redout\u00e9, le tramway et le m\u00e9tro, les chiffres sont sensiblement identiques pour les deux sexes. <\/p>\n\n\n\n<h4>La protection rapproch\u00e9e et le gardiennage dans les bus comme solution <\/h4>\n\n\n\n<p>Afin d&#8217;\u00e9viter ce type de risque, certaines villes comme Strasbourg exp\u00e9rimentent <a href=\"\/\/www.francebleu.fr\/infos\/transports\/transport-strasbourg-experimente-l-arret-a-la-demande-le-soir-pour-les-femmes-seules-1560435944\">l&#8217;arr\u00eat la nuit pour les femmes seules.<\/a> A partir de 22 heure, il suffit de demander au chauffeur de s&#8217;arr\u00eater sur la ligne et il le fera. Ceci se fait dans un souci de s\u00e9curit\u00e9 et dans le but d&#8217;amoindrir le sentiment d&#8217;ins\u00e9curit\u00e9. <\/p>\n\n\n\n<p>Cependant, d&#8217;autres solutions existent, telles que faire appel \u00e0 un agent de s\u00e9curit\u00e9. Par exemple, certaines compagnies comme <a href=\"\/\/www.oprotect.com\/index.php\">OProtect<\/a> propose de vous mettre en relation avec des soci\u00e9t\u00e9s sp\u00e9cialis\u00e9s en s\u00e9curit\u00e9 de transport. Effectivement, notre plateforme en ligne donne la possibilit\u00e9 aux compagnies de transport de r\u00e9server des agents de s\u00e9curit\u00e9. Ces derniers patrouilleront dans les bus, m\u00e9tro et tram, r\u00e9duisant alors drastiquement les risques d&#8217;agressions. En effet, ces agents sont entrainer pour ce type de situation et savent les g\u00e9rer. <\/p>\n","protected":false},"excerpt":{"rendered":"<p>Le harc\u00e8lement de rue se fait de plus en plus de place dans les transports en commun. Selon le Parisien, une femme sur deux a peur de prendre le bus, RER, m\u00e9tro \u00e0 Paris en 2017. Cela est d\u00fb aux nombreux \u00e9chos d&#8217;autres agressions ou de vols, posant un probl\u00e8me de s\u00e9curit\u00e9. Le bus, transport &hellip; <\/p>\n<p class=\"read-more\"><a class=\"btn btn-default\" href=\"https:\/\/www.oprotect.com\/blog\/le-sentiment-d-insecurite-dans-les-transports-en-commun\/\"> Read More<span class=\"screen-reader-text\">  Read More<\/span><\/a><\/p>\n","protected":false},"author":1,"featured_media":654,"comment_status":"open","ping_status":"open","sticky":false,"template":"","format":"standard","meta":[],"categories":[7],"tags":[],"yoast_head":"<!-- This site is optimized with the Yoast SEO plugin v19.9 - https:\/\/yoast.com\/wordpress\/plugins\/seo\/ -->\n<title>Le sentiment d&#039;ins\u00e9curit\u00e9 dans les transports en commun - Blog OProtect<\/title>\n<meta name=\"description\" content=\"Le harc\u00e8lement de rue gagne de plus en plus de terrain dans les transports en commun. Une solution possible : des agents de s\u00e9curit\u00e9 priv\u00e9e.\" \/>\n<meta name=\"robots\" content=\"index, follow, max-snippet:-1, max-image-preview:large, max-video-preview:-1\" \/>\n<link rel=\"canonical\" href=\"https:\/\/www.oprotect.com\/blog\/le-sentiment-d-insecurite-dans-les-transports-en-commun\/\" \/>\n<meta property=\"og:locale\" content=\"en_US\" \/>\n<meta property=\"og:type\" content=\"article\" \/>\n<meta property=\"og:title\" content=\"Le sentiment d&#039;ins\u00e9curit\u00e9 dans les transports en commun - Blog OProtect\" \/>\n<meta property=\"og:description\" content=\"Le harc\u00e8lement de rue gagne de plus en plus de terrain dans les transports en commun. Une solution possible : des agents de s\u00e9curit\u00e9 priv\u00e9e.\" \/>\n<meta property=\"og:url\" content=\"https:\/\/www.oprotect.com\/blog\/le-sentiment-d-insecurite-dans-les-transports-en-commun\/\" \/>\n<meta property=\"og:site_name\" content=\"Le blog Oprotect en toute s\u00e9curit\u00e9\" \/>\n<meta property=\"article:published_time\" content=\"2019-08-14T22:00:07+00:00\" \/>\n<meta property=\"article:modified_time\" content=\"2019-08-06T13:07:05+00:00\" \/>\n<meta property=\"og:image\" content=\"https:\/\/www.oprotect.com\/blog\/wp-content\/uploads\/2019\/07\/bus-690508_1280.jpg\" \/>\n\t<meta property=\"og:image:width\" content=\"1280\" \/>\n\t<meta property=\"og:image:height\" content=\"853\" \/>\n\t<meta property=\"og:image:type\" content=\"image\/jpeg\" \/>\n<meta name=\"author\" content=\"Daniel Besson\" \/>\n<meta name=\"twitter:card\" content=\"summary_large_image\" \/>\n<meta name=\"twitter:label1\" content=\"Written by\" \/>\n\t<meta name=\"twitter:data1\" content=\"Daniel Besson\" \/>\n\t<meta name=\"twitter:label2\" content=\"Est. reading time\" \/>\n\t<meta name=\"twitter:data2\" content=\"2 minutes\" \/>\n<script type=\"application\/ld+json\" class=\"yoast-schema-graph\">{\"@context\":\"https:\/\/schema.org\",\"@graph\":[{\"@type\":\"Article\",\"@id\":\"https:\/\/www.oprotect.com\/blog\/le-sentiment-d-insecurite-dans-les-transports-en-commun\/#article\",\"isPartOf\":{\"@id\":\"https:\/\/www.oprotect.com\/blog\/le-sentiment-d-insecurite-dans-les-transports-en-commun\/\"},\"author\":{\"name\":\"Daniel Besson\",\"@id\":\"https:\/\/www.oprotect.com\/blog\/#\/schema\/person\/605be1ee18f13724a3c0cb579d95489f\"},\"headline\":\"Le sentiment d&#8217;ins\u00e9curit\u00e9 dans les transports en commun\",\"datePublished\":\"2019-08-14T22:00:07+00:00\",\"dateModified\":\"2019-08-06T13:07:05+00:00\",\"mainEntityOfPage\":{\"@id\":\"https:\/\/www.oprotect.com\/blog\/le-sentiment-d-insecurite-dans-les-transports-en-commun\/\"},\"wordCount\":413,\"commentCount\":0,\"publisher\":{\"@id\":\"https:\/\/www.oprotect.com\/blog\/#organization\"},\"articleSection\":[\"Uncategorised\"],\"inLanguage\":\"en-US\",\"potentialAction\":[{\"@type\":\"CommentAction\",\"name\":\"Comment\",\"target\":[\"https:\/\/www.oprotect.com\/blog\/le-sentiment-d-insecurite-dans-les-transports-en-commun\/#respond\"]}]},{\"@type\":\"WebPage\",\"@id\":\"https:\/\/www.oprotect.com\/blog\/le-sentiment-d-insecurite-dans-les-transports-en-commun\/\",\"url\":\"https:\/\/www.oprotect.com\/blog\/le-sentiment-d-insecurite-dans-les-transports-en-commun\/\",\"name\":\"Le sentiment d'ins\u00e9curit\u00e9 dans les transports en commun - Blog OProtect\",\"isPartOf\":{\"@id\":\"https:\/\/www.oprotect.com\/blog\/#website\"},\"datePublished\":\"2019-08-14T22:00:07+00:00\",\"dateModified\":\"2019-08-06T13:07:05+00:00\",\"description\":\"Le harc\u00e8lement de rue gagne de plus en plus de terrain dans les transports en commun. Une solution possible : des agents de s\u00e9curit\u00e9 priv\u00e9e.\",\"breadcrumb\":{\"@id\":\"https:\/\/www.oprotect.com\/blog\/le-sentiment-d-insecurite-dans-les-transports-en-commun\/#breadcrumb\"},\"inLanguage\":\"en-US\",\"potentialAction\":[{\"@type\":\"ReadAction\",\"target\":[\"https:\/\/www.oprotect.com\/blog\/le-sentiment-d-insecurite-dans-les-transports-en-commun\/\"]}]},{\"@type\":\"BreadcrumbList\",\"@id\":\"https:\/\/www.oprotect.com\/blog\/le-sentiment-d-insecurite-dans-les-transports-en-commun\/#breadcrumb\",\"itemListElement\":[{\"@type\":\"ListItem\",\"position\":1,\"name\":\"Home\",\"item\":\"https:\/\/www.oprotect.com\/blog\/\"},{\"@type\":\"ListItem\",\"position\":2,\"name\":\"Le sentiment d&#8217;ins\u00e9curit\u00e9 dans les transports en commun\"}]},{\"@type\":\"WebSite\",\"@id\":\"https:\/\/www.oprotect.com\/blog\/#website\",\"url\":\"https:\/\/www.oprotect.com\/blog\/\",\"name\":\"Le blog Oprotect en toute s\u00e9curit\u00e9\",\"description\":\"R\u00e9servez des agents de s\u00e9curit\u00e9 en quelques clics\",\"publisher\":{\"@id\":\"https:\/\/www.oprotect.com\/blog\/#organization\"},\"potentialAction\":[{\"@type\":\"SearchAction\",\"target\":{\"@type\":\"EntryPoint\",\"urlTemplate\":\"https:\/\/www.oprotect.com\/blog\/?s={search_term_string}\"},\"query-input\":\"required name=search_term_string\"}],\"inLanguage\":\"en-US\"},{\"@type\":\"Organization\",\"@id\":\"https:\/\/www.oprotect.com\/blog\/#organization\",\"name\":\"Le blog Oprotect en toute s\u00e9curit\u00e9\",\"url\":\"https:\/\/www.oprotect.com\/blog\/\",\"logo\":{\"@type\":\"ImageObject\",\"inLanguage\":\"en-US\",\"@id\":\"https:\/\/www.oprotect.com\/blog\/#\/schema\/logo\/image\/\",\"url\":\"https:\/\/www.oprotect.com\/blog\/wp-content\/uploads\/2022\/05\/logo_new.png\",\"contentUrl\":\"https:\/\/www.oprotect.com\/blog\/wp-content\/uploads\/2022\/05\/logo_new.png\",\"width\":216,\"height\":46,\"caption\":\"Le blog Oprotect en toute s\u00e9curit\u00e9\"},\"image\":{\"@id\":\"https:\/\/www.oprotect.com\/blog\/#\/schema\/logo\/image\/\"}},{\"@type\":\"Person\",\"@id\":\"https:\/\/www.oprotect.com\/blog\/#\/schema\/person\/605be1ee18f13724a3c0cb579d95489f\",\"name\":\"Daniel Besson\",\"url\":\"https:\/\/www.oprotect.com\/blog\/author\/uado19wp\/\"}]}<\/script>\n<!-- \/ Yoast SEO plugin. -->","yoast_head_json":{"title":"Le sentiment d'ins\u00e9curit\u00e9 dans les transports en commun - Blog OProtect","description":"Le harc\u00e8lement de rue gagne de plus en plus de terrain dans les transports en commun. Une solution possible : des agents de s\u00e9curit\u00e9 priv\u00e9e.","robots":{"index":"index","follow":"follow","max-snippet":"max-snippet:-1","max-image-preview":"max-image-preview:large","max-video-preview":"max-video-preview:-1"},"canonical":"https:\/\/www.oprotect.com\/blog\/le-sentiment-d-insecurite-dans-les-transports-en-commun\/","og_locale":"en_US","og_type":"article","og_title":"Le sentiment d'ins\u00e9curit\u00e9 dans les transports en commun - Blog OProtect","og_description":"Le harc\u00e8lement de rue gagne de plus en plus de terrain dans les transports en commun. Une solution possible : des agents de s\u00e9curit\u00e9 priv\u00e9e.","og_url":"https:\/\/www.oprotect.com\/blog\/le-sentiment-d-insecurite-dans-les-transports-en-commun\/","og_site_name":"Le blog Oprotect en toute s\u00e9curit\u00e9","article_published_time":"2019-08-14T22:00:07+00:00","article_modified_time":"2019-08-06T13:07:05+00:00","og_image":[{"width":1280,"height":853,"url":"https:\/\/www.oprotect.com\/blog\/wp-content\/uploads\/2019\/07\/bus-690508_1280.jpg","type":"image\/jpeg"}],"author":"Daniel Besson","twitter_card":"summary_large_image","twitter_misc":{"Written by":"Daniel Besson","Est. reading time":"2 minutes"},"schema":{"@context":"https:\/\/schema.org","@graph":[{"@type":"Article","@id":"https:\/\/www.oprotect.com\/blog\/le-sentiment-d-insecurite-dans-les-transports-en-commun\/#article","isPartOf":{"@id":"https:\/\/www.oprotect.com\/blog\/le-sentiment-d-insecurite-dans-les-transports-en-commun\/"},"author":{"name":"Daniel Besson","@id":"https:\/\/www.oprotect.com\/blog\/#\/schema\/person\/605be1ee18f13724a3c0cb579d95489f"},"headline":"Le sentiment d&#8217;ins\u00e9curit\u00e9 dans les transports en commun","datePublished":"2019-08-14T22:00:07+00:00","dateModified":"2019-08-06T13:07:05+00:00","mainEntityOfPage":{"@id":"https:\/\/www.oprotect.com\/blog\/le-sentiment-d-insecurite-dans-les-transports-en-commun\/"},"wordCount":413,"commentCount":0,"publisher":{"@id":"https:\/\/www.oprotect.com\/blog\/#organization"},"articleSection":["Uncategorised"],"inLanguage":"en-US","potentialAction":[{"@type":"CommentAction","name":"Comment","target":["https:\/\/www.oprotect.com\/blog\/le-sentiment-d-insecurite-dans-les-transports-en-commun\/#respond"]}]},{"@type":"WebPage","@id":"https:\/\/www.oprotect.com\/blog\/le-sentiment-d-insecurite-dans-les-transports-en-commun\/","url":"https:\/\/www.oprotect.com\/blog\/le-sentiment-d-insecurite-dans-les-transports-en-commun\/","name":"Le sentiment d'ins\u00e9curit\u00e9 dans les transports en commun - Blog OProtect","isPartOf":{"@id":"https:\/\/www.oprotect.com\/blog\/#website"},"datePublished":"2019-08-14T22:00:07+00:00","dateModified":"2019-08-06T13:07:05+00:00","description":"Le harc\u00e8lement de rue gagne de plus en plus de terrain dans les transports en commun. Une solution possible : des agents de s\u00e9curit\u00e9 priv\u00e9e.","breadcrumb":{"@id":"https:\/\/www.oprotect.com\/blog\/le-sentiment-d-insecurite-dans-les-transports-en-commun\/#breadcrumb"},"inLanguage":"en-US","potentialAction":[{"@type":"ReadAction","target":["https:\/\/www.oprotect.com\/blog\/le-sentiment-d-insecurite-dans-les-transports-en-commun\/"]}]},{"@type":"BreadcrumbList","@id":"https:\/\/www.oprotect.com\/blog\/le-sentiment-d-insecurite-dans-les-transports-en-commun\/#breadcrumb","itemListElement":[{"@type":"ListItem","position":1,"name":"Home","item":"https:\/\/www.oprotect.com\/blog\/"},{"@type":"ListItem","position":2,"name":"Le sentiment d&#8217;ins\u00e9curit\u00e9 dans les transports en commun"}]},{"@type":"WebSite","@id":"https:\/\/www.oprotect.com\/blog\/#website","url":"https:\/\/www.oprotect.com\/blog\/","name":"Le blog Oprotect en toute s\u00e9curit\u00e9","description":"R\u00e9servez des agents de s\u00e9curit\u00e9 en quelques clics","publisher":{"@id":"https:\/\/www.oprotect.com\/blog\/#organization"},"potentialAction":[{"@type":"SearchAction","target":{"@type":"EntryPoint","urlTemplate":"https:\/\/www.oprotect.com\/blog\/?s={search_term_string}"},"query-input":"required name=search_term_string"}],"inLanguage":"en-US"},{"@type":"Organization","@id":"https:\/\/www.oprotect.com\/blog\/#organization","name":"Le blog Oprotect en toute s\u00e9curit\u00e9","url":"https:\/\/www.oprotect.com\/blog\/","logo":{"@type":"ImageObject","inLanguage":"en-US","@id":"https:\/\/www.oprotect.com\/blog\/#\/schema\/logo\/image\/","url":"https:\/\/www.oprotect.com\/blog\/wp-content\/uploads\/2022\/05\/logo_new.png","contentUrl":"https:\/\/www.oprotect.com\/blog\/wp-content\/uploads\/2022\/05\/logo_new.png","width":216,"height":46,"caption":"Le blog Oprotect en toute s\u00e9curit\u00e9"},"image":{"@id":"https:\/\/www.oprotect.com\/blog\/#\/schema\/logo\/image\/"}},{"@type":"Person","@id":"https:\/\/www.oprotect.com\/blog\/#\/schema\/person\/605be1ee18f13724a3c0cb579d95489f","name":"Daniel Besson","url":"https:\/\/www.oprotect.com\/blog\/author\/uado19wp\/"}]}},"_links":{"self":[{"href":"https:\/\/www.oprotect.com\/blog\/wp-json\/wp\/v2\/posts\/652"}],"collection":[{"href":"https:\/\/www.oprotect.com\/blog\/wp-json\/wp\/v2\/posts"}],"about":[{"href":"https:\/\/www.oprotect.com\/blog\/wp-json\/wp\/v2\/types\/post"}],"author":[{"embeddable":true,"href":"https:\/\/www.oprotect.com\/blog\/wp-json\/wp\/v2\/users\/1"}],"replies":[{"embeddable":true,"href":"https:\/\/www.oprotect.com\/blog\/wp-json\/wp\/v2\/comments?post=652"}],"version-history":[{"count":5,"href":"https:\/\/www.oprotect.com\/blog\/wp-json\/wp\/v2\/posts\/652\/revisions"}],"predecessor-version":[{"id":715,"href":"https:\/\/www.oprotect.com\/blog\/wp-json\/wp\/v2\/posts\/652\/revisions\/715"}],"wp:featuredmedia":[{"embeddable":true,"href":"https:\/\/www.oprotect.com\/blog\/wp-json\/wp\/v2\/media\/654"}],"wp:attachment":[{"href":"https:\/\/www.oprotect.com\/blog\/wp-json\/wp\/v2\/media?parent=652"}],"wp:term":[{"taxonomy":"category","embeddable":true,"href":"https:\/\/www.oprotect.com\/blog\/wp-json\/wp\/v2\/categories?post=652"},{"taxonomy":"post_tag","embeddable":true,"href":"https:\/\/www.oprotect.com\/blog\/wp-json\/wp\/v2\/tags?post=652"}],"curies":[{"name":"wp","href":"https:\/\/api.w.org\/{rel}","templated":true}]}}