{"id":808,"date":"2019-10-07T00:00:30","date_gmt":"2019-10-06T22:00:30","guid":{"rendered":"https:\/\/www.oprotect.com\/blog\/?p=808"},"modified":"2019-09-16T09:02:41","modified_gmt":"2019-09-16T07:02:41","slug":"collectivites-securite-privee","status":"publish","type":"post","link":"https:\/\/www.oprotect.com\/blog\/collectivites-securite-privee\/","title":{"rendered":"Collectivit\u00e9s et s\u00e9curit\u00e9 priv\u00e9e"},"content":{"rendered":"\n<h5>Concernant la s\u00e9curit\u00e9, les collectivit\u00e9s doivent souvent faire face \u00e0 une d\u00e9linquance de proximit\u00e9. Combin\u00e9 avec la baisse des effectifs des forces de l&#8217;Etat, les collectivit\u00e9s doivent trouver des solutions ailleurs.<\/h5>\n\n\n\n<h3>La police municipale, une alternative qui \u00e0 des limites dans les collectivit\u00e9s<\/h3>\n\n\n\n<p>Depuis quelques ann\u00e9es, ce corps de police connait un succ\u00e8s croissant. Le professionnalisme de la police municipale est reconnu. Mais le manque de moyens et les difficult\u00e9s de recrutements sont des contraintes de plus en plus fortes. <br>Car elle ne peut pas assurer \u00e0 la fois la s\u00e9curit\u00e9 des espaces publics et des b\u00e2timents municipaux. Et r\u00e9pondre en plus aux normes de s\u00e9curit\u00e9 impos\u00e9es par le plan Vigipirate. <\/p>\n\n\n\n<h3>La s\u00e9curit\u00e9 priv\u00e9e comme solution durable<\/h3>\n\n\n\n<p>Les professionnels de la s\u00e9curit\u00e9 sont aujourd&#8217;hui conscients des probl\u00e9matiques que rencontrent les collectivit\u00e9s. <br>Le march\u00e9 de la s\u00e9curit\u00e9 priv\u00e9e est compos\u00e9 de soci\u00e9t\u00e9s internationales, nationales ou locales. Ces soci\u00e9t\u00e9s sont \u00e0 m\u00eame de couvrir tous les besoins en s\u00e9curit\u00e9 des collectivit\u00e9s:  Surveillance humaine, s\u00e9curit\u00e9 incendie, conseil en s\u00fbret\u00e9, vid\u00e9osurveillance, contr\u00f4les d\u2019acc\u00e8s, drones et solutions technologiques, cyber-s\u00e9curit\u00e9.<br>La s\u00e9curit\u00e9 priv\u00e9e est aussi un service ergonomique. Il est aujourd&#8217;hui possible de r\u00e9server en ligne un service de s\u00e9curit\u00e9. La plateforme <a href=\"\/\/oprotect.com\">OProtect<\/a> propose ainsi un service de mise en relation entre clients et agents. En quelques clics, il est possible de r\u00e9server sa prestation, quelle que soit la nature de celle-ci. <\/p>\n\n\n\n<h3>Quels d\u00e9fis pour le march\u00e9 de la s\u00e9curit\u00e9 priv\u00e9e dans les collectivit\u00e9s?<\/h3>\n\n\n\n<p>Les collectivit\u00e9s ouvrent un nouveau march\u00e9 pour le secteur de la s\u00e9curit\u00e9 priv\u00e9e. Mais ce nouveau march\u00e9 pr\u00e9sente diff\u00e9rents d\u00e9fis pour les acteurs de la s\u00e9curit\u00e9 priv\u00e9e.<br>Par exemple, une collectivit\u00e9 aura tendance \u00e0 privil\u00e9gier des soci\u00e9t\u00e9s misant sur l&#8217;employabilit\u00e9 locale, en recrutant des agents directement sur la zone.<br>Il faut aussi consid\u00e9rer les diff\u00e9rences d&#8217;objectifs entre secteurs publics et priv\u00e9s.<br>L&#8217;acc\u00e8s aux march\u00e9s publics est aussi un moyen pour les soci\u00e9t\u00e9s de s\u00e9curit\u00e9 priv\u00e9es de tester de nouvelles strat\u00e9gies et moyens technologiques: cam\u00e9ra-embarqu\u00e9es, drones, <a href=\"\/\/www.oprotect.com\/blog\/telesurveillance-ou-videosurveillance-comment-se-proteger-au-mieux\/\">t\u00e9l\u00e9-surveillance<\/a> etc&#8230;<\/p>\n","protected":false},"excerpt":{"rendered":"<p>Concernant la s\u00e9curit\u00e9, les collectivit\u00e9s doivent souvent faire face \u00e0 une d\u00e9linquance de proximit\u00e9. Combin\u00e9 avec la baisse des effectifs des forces de l&#8217;Etat, les collectivit\u00e9s doivent trouver des solutions ailleurs. La police municipale, une alternative qui \u00e0 des limites dans les collectivit\u00e9s Depuis quelques ann\u00e9es, ce corps de police connait un succ\u00e8s croissant. Le &hellip; <\/p>\n<p class=\"read-more\"><a class=\"btn btn-default\" href=\"https:\/\/www.oprotect.com\/blog\/collectivites-securite-privee\/\"> Read More<span class=\"screen-reader-text\">  Read More<\/span><\/a><\/p>\n","protected":false},"author":1,"featured_media":814,"comment_status":"open","ping_status":"open","sticky":false,"template":"","format":"standard","meta":[],"categories":[7],"tags":[],"yoast_head":"<!-- This site is optimized with the Yoast SEO plugin v19.9 - https:\/\/yoast.com\/wordpress\/plugins\/seo\/ -->\n<title>Collectivit\u00e9s et s\u00e9curit\u00e9 priv\u00e9e - Le blog Oprotect en toute s\u00e9curit\u00e9<\/title>\n<meta name=\"description\" content=\"Concernant la s\u00e9curit\u00e9, les collectivit\u00e9s doivent souvent faire face \u00e0 une d\u00e9linquance de proximit\u00e9. Combin\u00e9 avec la baisse des effectifs des forces...\" \/>\n<meta name=\"robots\" content=\"index, follow, max-snippet:-1, max-image-preview:large, max-video-preview:-1\" \/>\n<link rel=\"canonical\" href=\"https:\/\/www.oprotect.com\/blog\/collectivites-securite-privee\/\" \/>\n<meta property=\"og:locale\" content=\"en_US\" \/>\n<meta property=\"og:type\" content=\"article\" \/>\n<meta property=\"og:title\" content=\"Collectivit\u00e9s et s\u00e9curit\u00e9 priv\u00e9e - Le blog Oprotect en toute s\u00e9curit\u00e9\" \/>\n<meta property=\"og:description\" content=\"Concernant la s\u00e9curit\u00e9, les collectivit\u00e9s doivent souvent faire face \u00e0 une d\u00e9linquance de proximit\u00e9. Combin\u00e9 avec la baisse des effectifs des forces...\" \/>\n<meta property=\"og:url\" content=\"https:\/\/www.oprotect.com\/blog\/collectivites-securite-privee\/\" \/>\n<meta property=\"og:site_name\" content=\"Le blog Oprotect en toute s\u00e9curit\u00e9\" \/>\n<meta property=\"article:published_time\" content=\"2019-10-06T22:00:30+00:00\" \/>\n<meta property=\"article:modified_time\" content=\"2019-09-16T07:02:41+00:00\" \/>\n<meta property=\"og:image\" content=\"https:\/\/www.oprotect.com\/blog\/wp-content\/uploads\/2019\/09\/flag-3283466_1920.jpg\" \/>\n\t<meta property=\"og:image:width\" content=\"1920\" \/>\n\t<meta property=\"og:image:height\" content=\"1275\" \/>\n\t<meta property=\"og:image:type\" content=\"image\/jpeg\" \/>\n<meta name=\"author\" content=\"Daniel Besson\" \/>\n<meta name=\"twitter:card\" content=\"summary_large_image\" \/>\n<meta name=\"twitter:label1\" content=\"Written by\" \/>\n\t<meta name=\"twitter:data1\" content=\"Daniel Besson\" \/>\n\t<meta name=\"twitter:label2\" content=\"Est. reading time\" \/>\n\t<meta name=\"twitter:data2\" content=\"2 minutes\" \/>\n<script type=\"application\/ld+json\" class=\"yoast-schema-graph\">{\"@context\":\"https:\/\/schema.org\",\"@graph\":[{\"@type\":\"Article\",\"@id\":\"https:\/\/www.oprotect.com\/blog\/collectivites-securite-privee\/#article\",\"isPartOf\":{\"@id\":\"https:\/\/www.oprotect.com\/blog\/collectivites-securite-privee\/\"},\"author\":{\"name\":\"Daniel Besson\",\"@id\":\"https:\/\/www.oprotect.com\/blog\/#\/schema\/person\/605be1ee18f13724a3c0cb579d95489f\"},\"headline\":\"Collectivit\u00e9s et s\u00e9curit\u00e9 priv\u00e9e\",\"datePublished\":\"2019-10-06T22:00:30+00:00\",\"dateModified\":\"2019-09-16T07:02:41+00:00\",\"mainEntityOfPage\":{\"@id\":\"https:\/\/www.oprotect.com\/blog\/collectivites-securite-privee\/\"},\"wordCount\":395,\"commentCount\":0,\"publisher\":{\"@id\":\"https:\/\/www.oprotect.com\/blog\/#organization\"},\"articleSection\":[\"Uncategorised\"],\"inLanguage\":\"en-US\",\"potentialAction\":[{\"@type\":\"CommentAction\",\"name\":\"Comment\",\"target\":[\"https:\/\/www.oprotect.com\/blog\/collectivites-securite-privee\/#respond\"]}]},{\"@type\":\"WebPage\",\"@id\":\"https:\/\/www.oprotect.com\/blog\/collectivites-securite-privee\/\",\"url\":\"https:\/\/www.oprotect.com\/blog\/collectivites-securite-privee\/\",\"name\":\"Collectivit\u00e9s et s\u00e9curit\u00e9 priv\u00e9e - Le blog Oprotect en toute s\u00e9curit\u00e9\",\"isPartOf\":{\"@id\":\"https:\/\/www.oprotect.com\/blog\/#website\"},\"datePublished\":\"2019-10-06T22:00:30+00:00\",\"dateModified\":\"2019-09-16T07:02:41+00:00\",\"description\":\"Concernant la s\u00e9curit\u00e9, les collectivit\u00e9s doivent souvent faire face \u00e0 une d\u00e9linquance de proximit\u00e9. Combin\u00e9 avec la baisse des effectifs des forces...\",\"breadcrumb\":{\"@id\":\"https:\/\/www.oprotect.com\/blog\/collectivites-securite-privee\/#breadcrumb\"},\"inLanguage\":\"en-US\",\"potentialAction\":[{\"@type\":\"ReadAction\",\"target\":[\"https:\/\/www.oprotect.com\/blog\/collectivites-securite-privee\/\"]}]},{\"@type\":\"BreadcrumbList\",\"@id\":\"https:\/\/www.oprotect.com\/blog\/collectivites-securite-privee\/#breadcrumb\",\"itemListElement\":[{\"@type\":\"ListItem\",\"position\":1,\"name\":\"Home\",\"item\":\"https:\/\/www.oprotect.com\/blog\/\"},{\"@type\":\"ListItem\",\"position\":2,\"name\":\"Collectivit\u00e9s et s\u00e9curit\u00e9 priv\u00e9e\"}]},{\"@type\":\"WebSite\",\"@id\":\"https:\/\/www.oprotect.com\/blog\/#website\",\"url\":\"https:\/\/www.oprotect.com\/blog\/\",\"name\":\"Le blog Oprotect en toute s\u00e9curit\u00e9\",\"description\":\"R\u00e9servez des agents de s\u00e9curit\u00e9 en quelques clics\",\"publisher\":{\"@id\":\"https:\/\/www.oprotect.com\/blog\/#organization\"},\"potentialAction\":[{\"@type\":\"SearchAction\",\"target\":{\"@type\":\"EntryPoint\",\"urlTemplate\":\"https:\/\/www.oprotect.com\/blog\/?s={search_term_string}\"},\"query-input\":\"required name=search_term_string\"}],\"inLanguage\":\"en-US\"},{\"@type\":\"Organization\",\"@id\":\"https:\/\/www.oprotect.com\/blog\/#organization\",\"name\":\"Le blog Oprotect en toute s\u00e9curit\u00e9\",\"url\":\"https:\/\/www.oprotect.com\/blog\/\",\"logo\":{\"@type\":\"ImageObject\",\"inLanguage\":\"en-US\",\"@id\":\"https:\/\/www.oprotect.com\/blog\/#\/schema\/logo\/image\/\",\"url\":\"https:\/\/www.oprotect.com\/blog\/wp-content\/uploads\/2022\/05\/logo_new.png\",\"contentUrl\":\"https:\/\/www.oprotect.com\/blog\/wp-content\/uploads\/2022\/05\/logo_new.png\",\"width\":216,\"height\":46,\"caption\":\"Le blog Oprotect en toute s\u00e9curit\u00e9\"},\"image\":{\"@id\":\"https:\/\/www.oprotect.com\/blog\/#\/schema\/logo\/image\/\"}},{\"@type\":\"Person\",\"@id\":\"https:\/\/www.oprotect.com\/blog\/#\/schema\/person\/605be1ee18f13724a3c0cb579d95489f\",\"name\":\"Daniel Besson\",\"url\":\"https:\/\/www.oprotect.com\/blog\/author\/uado19wp\/\"}]}<\/script>\n<!-- \/ Yoast SEO plugin. -->","yoast_head_json":{"title":"Collectivit\u00e9s et s\u00e9curit\u00e9 priv\u00e9e - Le blog Oprotect en toute s\u00e9curit\u00e9","description":"Concernant la s\u00e9curit\u00e9, les collectivit\u00e9s doivent souvent faire face \u00e0 une d\u00e9linquance de proximit\u00e9. Combin\u00e9 avec la baisse des effectifs des forces...","robots":{"index":"index","follow":"follow","max-snippet":"max-snippet:-1","max-image-preview":"max-image-preview:large","max-video-preview":"max-video-preview:-1"},"canonical":"https:\/\/www.oprotect.com\/blog\/collectivites-securite-privee\/","og_locale":"en_US","og_type":"article","og_title":"Collectivit\u00e9s et s\u00e9curit\u00e9 priv\u00e9e - Le blog Oprotect en toute s\u00e9curit\u00e9","og_description":"Concernant la s\u00e9curit\u00e9, les collectivit\u00e9s doivent souvent faire face \u00e0 une d\u00e9linquance de proximit\u00e9. Combin\u00e9 avec la baisse des effectifs des forces...","og_url":"https:\/\/www.oprotect.com\/blog\/collectivites-securite-privee\/","og_site_name":"Le blog Oprotect en toute s\u00e9curit\u00e9","article_published_time":"2019-10-06T22:00:30+00:00","article_modified_time":"2019-09-16T07:02:41+00:00","og_image":[{"width":1920,"height":1275,"url":"https:\/\/www.oprotect.com\/blog\/wp-content\/uploads\/2019\/09\/flag-3283466_1920.jpg","type":"image\/jpeg"}],"author":"Daniel Besson","twitter_card":"summary_large_image","twitter_misc":{"Written by":"Daniel Besson","Est. reading time":"2 minutes"},"schema":{"@context":"https:\/\/schema.org","@graph":[{"@type":"Article","@id":"https:\/\/www.oprotect.com\/blog\/collectivites-securite-privee\/#article","isPartOf":{"@id":"https:\/\/www.oprotect.com\/blog\/collectivites-securite-privee\/"},"author":{"name":"Daniel Besson","@id":"https:\/\/www.oprotect.com\/blog\/#\/schema\/person\/605be1ee18f13724a3c0cb579d95489f"},"headline":"Collectivit\u00e9s et s\u00e9curit\u00e9 priv\u00e9e","datePublished":"2019-10-06T22:00:30+00:00","dateModified":"2019-09-16T07:02:41+00:00","mainEntityOfPage":{"@id":"https:\/\/www.oprotect.com\/blog\/collectivites-securite-privee\/"},"wordCount":395,"commentCount":0,"publisher":{"@id":"https:\/\/www.oprotect.com\/blog\/#organization"},"articleSection":["Uncategorised"],"inLanguage":"en-US","potentialAction":[{"@type":"CommentAction","name":"Comment","target":["https:\/\/www.oprotect.com\/blog\/collectivites-securite-privee\/#respond"]}]},{"@type":"WebPage","@id":"https:\/\/www.oprotect.com\/blog\/collectivites-securite-privee\/","url":"https:\/\/www.oprotect.com\/blog\/collectivites-securite-privee\/","name":"Collectivit\u00e9s et s\u00e9curit\u00e9 priv\u00e9e - Le blog Oprotect en toute s\u00e9curit\u00e9","isPartOf":{"@id":"https:\/\/www.oprotect.com\/blog\/#website"},"datePublished":"2019-10-06T22:00:30+00:00","dateModified":"2019-09-16T07:02:41+00:00","description":"Concernant la s\u00e9curit\u00e9, les collectivit\u00e9s doivent souvent faire face \u00e0 une d\u00e9linquance de proximit\u00e9. Combin\u00e9 avec la baisse des effectifs des forces...","breadcrumb":{"@id":"https:\/\/www.oprotect.com\/blog\/collectivites-securite-privee\/#breadcrumb"},"inLanguage":"en-US","potentialAction":[{"@type":"ReadAction","target":["https:\/\/www.oprotect.com\/blog\/collectivites-securite-privee\/"]}]},{"@type":"BreadcrumbList","@id":"https:\/\/www.oprotect.com\/blog\/collectivites-securite-privee\/#breadcrumb","itemListElement":[{"@type":"ListItem","position":1,"name":"Home","item":"https:\/\/www.oprotect.com\/blog\/"},{"@type":"ListItem","position":2,"name":"Collectivit\u00e9s et s\u00e9curit\u00e9 priv\u00e9e"}]},{"@type":"WebSite","@id":"https:\/\/www.oprotect.com\/blog\/#website","url":"https:\/\/www.oprotect.com\/blog\/","name":"Le blog Oprotect en toute s\u00e9curit\u00e9","description":"R\u00e9servez des agents de s\u00e9curit\u00e9 en quelques clics","publisher":{"@id":"https:\/\/www.oprotect.com\/blog\/#organization"},"potentialAction":[{"@type":"SearchAction","target":{"@type":"EntryPoint","urlTemplate":"https:\/\/www.oprotect.com\/blog\/?s={search_term_string}"},"query-input":"required name=search_term_string"}],"inLanguage":"en-US"},{"@type":"Organization","@id":"https:\/\/www.oprotect.com\/blog\/#organization","name":"Le blog Oprotect en toute s\u00e9curit\u00e9","url":"https:\/\/www.oprotect.com\/blog\/","logo":{"@type":"ImageObject","inLanguage":"en-US","@id":"https:\/\/www.oprotect.com\/blog\/#\/schema\/logo\/image\/","url":"https:\/\/www.oprotect.com\/blog\/wp-content\/uploads\/2022\/05\/logo_new.png","contentUrl":"https:\/\/www.oprotect.com\/blog\/wp-content\/uploads\/2022\/05\/logo_new.png","width":216,"height":46,"caption":"Le blog Oprotect en toute s\u00e9curit\u00e9"},"image":{"@id":"https:\/\/www.oprotect.com\/blog\/#\/schema\/logo\/image\/"}},{"@type":"Person","@id":"https:\/\/www.oprotect.com\/blog\/#\/schema\/person\/605be1ee18f13724a3c0cb579d95489f","name":"Daniel Besson","url":"https:\/\/www.oprotect.com\/blog\/author\/uado19wp\/"}]}},"_links":{"self":[{"href":"https:\/\/www.oprotect.com\/blog\/wp-json\/wp\/v2\/posts\/808"}],"collection":[{"href":"https:\/\/www.oprotect.com\/blog\/wp-json\/wp\/v2\/posts"}],"about":[{"href":"https:\/\/www.oprotect.com\/blog\/wp-json\/wp\/v2\/types\/post"}],"author":[{"embeddable":true,"href":"https:\/\/www.oprotect.com\/blog\/wp-json\/wp\/v2\/users\/1"}],"replies":[{"embeddable":true,"href":"https:\/\/www.oprotect.com\/blog\/wp-json\/wp\/v2\/comments?post=808"}],"version-history":[{"count":2,"href":"https:\/\/www.oprotect.com\/blog\/wp-json\/wp\/v2\/posts\/808\/revisions"}],"predecessor-version":[{"id":816,"href":"https:\/\/www.oprotect.com\/blog\/wp-json\/wp\/v2\/posts\/808\/revisions\/816"}],"wp:featuredmedia":[{"embeddable":true,"href":"https:\/\/www.oprotect.com\/blog\/wp-json\/wp\/v2\/media\/814"}],"wp:attachment":[{"href":"https:\/\/www.oprotect.com\/blog\/wp-json\/wp\/v2\/media?parent=808"}],"wp:term":[{"taxonomy":"category","embeddable":true,"href":"https:\/\/www.oprotect.com\/blog\/wp-json\/wp\/v2\/categories?post=808"},{"taxonomy":"post_tag","embeddable":true,"href":"https:\/\/www.oprotect.com\/blog\/wp-json\/wp\/v2\/tags?post=808"}],"curies":[{"name":"wp","href":"https:\/\/api.w.org\/{rel}","templated":true}]}}